{"id":6813,"date":"2022-02-21T20:17:52","date_gmt":"2022-02-21T17:17:52","guid":{"rendered":"https:\/\/avruparicik.com\/?p=6813"},"modified":"2022-02-21T21:23:16","modified_gmt":"2022-02-21T18:23:16","slug":"rahatsizlanan-kadin-kar-motoruyla-hastahaneye-ulastirildi","status":"publish","type":"post","link":"https:\/\/avruparicik.com\/?p=6813","title":{"rendered":"Rahats\u0131zlanan Kad\u0131n Kar Motoruyla Hastahaneye Ula\u015ft\u0131r\u0131ld\u0131"},"content":{"rendered":"<header class=\"hbptHead\">\n<div class=\"hbptTagDate\">Demir\u00f6ren Haber Ajans\u0131 &#8211;\u00a0<a title=\"G\u00fcncel Haberleri\" href=\"https:\/\/www.haberler.com\/guncel\/\">G\u00fcncel<\/a><br \/>\n<time class=\"hbptDate\" datetime=\"2022-01-21T12:49:41+03:00\">21.01.2022 12:49<\/time>\u00a0&#8211;\u00a0G\u00fcncelleme:\u00a0<time class=\"hbptDate\" datetime=\"2022-01-21T13:30:00+03:00\">21.01.2022 13:30<\/time><\/div>\n<div class=\"hbhOrder\">\n<figure class=\"hbVideoImgScope\">\n<div id=\"video_div\">\n<div id=\"my-dailymotion-player\" class=\"dailymotion-player-root dailymotion-player-xz0y\">\n<div class=\"dailymotion-player-wrapper\"><span style=\"font-size: 24px; font-weight: bold;\">Son dakika g\u00fcndem haberi&#8230; TUNCEL\u0130&#8217;nin Mazgirt il\u00e7esinde kar ya\u011f\u0131\u015f\u0131 nedeniyle yolu kapanan Alanyaz\u0131 k\u00f6y\u00fcnde rahats\u0131zlanan Z\u00fclfiye Polat (75) kar motoru ile hastaneye ula\u015ft\u0131r\u0131ld\u0131.<\/span><\/div>\n<\/div>\n<\/div>\n<\/figure>\n<\/div>\n<\/header>\n<div id=\"news\"><\/div>\n<p><main class=\"hbptContent haber_metni\">TUNCEL\u0130&#8217;nin Mazgirt il\u00e7esinde kar ya\u011f\u0131\u015f\u0131 nedeniyle yolu kapanan Alanyaz\u0131 k\u00f6y\u00fcnde rahats\u0131zlanan Z\u00fclfiye Polat (75) kar motoru ile hastaneye ula\u015ft\u0131r\u0131ld\u0131.<\/main>Mazgirt il\u00e7esinde 2 g\u00fcnd\u00fcr etkili olan kar ya\u011f\u0131\u015f\u0131, hayat\u0131 olumsuz etkiledi. \u0130l\u00e7ede yakla\u015f\u0131k 70 k\u00f6y yolu ula\u015f\u0131ma kapand\u0131. Alanyaz\u0131 k\u00f6y\u00fcnde rahats\u0131zlanan Z\u00fclfiye Polat i\u00e7in 112 Acil \u00c7a\u011fr\u0131 Merkezi&#8217;nden yard\u0131m istendi. Sevk edilen ambulans, k\u00f6y yolu kapal\u0131 oldu\u011fu i\u00e7in k\u00f6ye ula\u015famad\u0131. Bunun \u00fczerine \u0130l Afet ve Acil Durum M\u00fcd\u00fcrl\u00fc\u011f\u00fc (\u00a0<a class=\"keyword\" title=\"Afad Haberleri, Afad Haberi, Afad Haber\" href=\"https:\/\/www.haberler.com\/afad\/\"><strong>Afad<\/strong><\/a>\u00a0) ekiplerinden yard\u0131m istendi. Sa\u011fl\u0131k ekipleri, AFAD ekipleriyle birlikte kar motoruyla k\u00f6ye gitti.<\/p>\n<p>\u0130lk m\u00fcdahalenin ard\u0131ndan kar motorunun arkas\u0131ndaki k\u0131za\u011fa bindirilen Polat, ambulansa ta\u015f\u0131nd\u0131. Tunceli Devlet Hastanesi&#8217;ne kald\u0131r\u0131lan Z\u00fclfiye Polat&#8217;\u0131n sa\u011fl\u0131k durumun iyi oldu\u011fu belirtildi.<\/p>\n<figure class=\"image-wrapper\">\n<figure class=\"image-wrapper\"><img loading=\"lazy\" decoding=\"async\" class=\"hbptMainImage lazyload ImgDetay ImgEmpty\" src=\"https:\/\/foto.haberler.com\/haber\/2022\/01\/21\/rahatsizlanan-kadini-kar-motoruyla-hastaneye-3-14682453_o.jpg\" alt=\"Son dakika haberi... RAHATSIZLANAN KADINI, KAR MOTORUYLA HASTANEYE ULA\u015eTIRDILAR\" width=\"757\" height=\"1009\" data-src=\"https:\/\/foto.haberler.com\/haber\/2022\/01\/21\/rahatsizlanan-kadini-kar-motoruyla-hastaneye-3-14682453_o.jpg\" \/><\/p>\n<figure class=\"image-wrapper\"><img loading=\"lazy\" decoding=\"async\" class=\"hbptMainImage lazyload ImgDetay ImgEmpty\" src=\"https:\/\/foto.haberler.com\/haber\/2022\/01\/21\/rahatsizlanan-kadini-kar-motoruyla-hastaneye-4-14682453_o.jpg\" alt=\"Son dakika haberi... RAHATSIZLANAN KADINI, KAR MOTORUYLA HASTANEYE ULA\u015eTIRDILAR\" width=\"766\" height=\"431\" data-src=\"https:\/\/foto.haberler.com\/haber\/2022\/01\/21\/rahatsizlanan-kadini-kar-motoruyla-hastaneye-4-14682453_o.jpg\" \/><\/figure>\n<\/figure>\n<\/figure>\n<p>&nbsp;<\/p>\n","protected":false},"excerpt":{"rendered":"<p>Demir\u00f6ren Haber Ajans\u0131 &#8211;\u00a0G\u00fcncel 21.01.2022 12:49\u00a0&#8211;\u00a0G\u00fcncelleme:\u00a021.01.2022 13:30 Son dakika g\u00fcndem haberi&#8230; TUNCEL\u0130&#8217;nin Mazgirt il\u00e7esinde kar ya\u011f\u0131\u015f\u0131 nedeniyle yolu kapanan Alanyaz\u0131 k\u00f6y\u00fcnde rahats\u0131zlanan Z\u00fclfiye Polat (75) kar motoru ile hastaneye ula\u015ft\u0131r\u0131ld\u0131. TUNCEL\u0130&#8217;nin Mazgirt il\u00e7esinde kar ya\u011f\u0131\u015f\u0131 nedeniyle yolu kapanan Alanyaz\u0131 k\u00f6y\u00fcnde rahats\u0131zlanan Z\u00fclfiye Polat (75) kar motoru ile hastaneye ula\u015ft\u0131r\u0131ld\u0131.Mazgirt il\u00e7esinde 2 g\u00fcnd\u00fcr etkili olan kar &hellip;<\/p>\n","protected":false},"author":6,"featured_media":6814,"comment_status":"open","ping_status":"open","sticky":false,"template":"","format":"standard","meta":{"footnotes":""},"categories":[1],"tags":[],"class_list":["post-6813","post","type-post","status-publish","format-standard","has-post-thumbnail","hentry","category-genel"],"_links":{"self":[{"href":"https:\/\/avruparicik.com\/index.php?rest_route=\/wp\/v2\/posts\/6813","targetHints":{"allow":["GET"]}}],"collection":[{"href":"https:\/\/avruparicik.com\/index.php?rest_route=\/wp\/v2\/posts"}],"about":[{"href":"https:\/\/avruparicik.com\/index.php?rest_route=\/wp\/v2\/types\/post"}],"author":[{"embeddable":true,"href":"https:\/\/avruparicik.com\/index.php?rest_route=\/wp\/v2\/users\/6"}],"replies":[{"embeddable":true,"href":"https:\/\/avruparicik.com\/index.php?rest_route=%2Fwp%2Fv2%2Fcomments&post=6813"}],"version-history":[{"count":3,"href":"https:\/\/avruparicik.com\/index.php?rest_route=\/wp\/v2\/posts\/6813\/revisions"}],"predecessor-version":[{"id":6817,"href":"https:\/\/avruparicik.com\/index.php?rest_route=\/wp\/v2\/posts\/6813\/revisions\/6817"}],"wp:featuredmedia":[{"embeddable":true,"href":"https:\/\/avruparicik.com\/index.php?rest_route=\/wp\/v2\/media\/6814"}],"wp:attachment":[{"href":"https:\/\/avruparicik.com\/index.php?rest_route=%2Fwp%2Fv2%2Fmedia&parent=6813"}],"wp:term":[{"taxonomy":"category","embeddable":true,"href":"https:\/\/avruparicik.com\/index.php?rest_route=%2Fwp%2Fv2%2Fcategories&post=6813"},{"taxonomy":"post_tag","embeddable":true,"href":"https:\/\/avruparicik.com\/index.php?rest_route=%2Fwp%2Fv2%2Ftags&post=6813"}],"curies":[{"name":"wp","href":"https:\/\/api.w.org\/{rel}","templated":true}]}}