{"id":7275,"date":"2023-03-19T23:10:03","date_gmt":"2023-03-19T20:10:03","guid":{"rendered":"https:\/\/avruparicik.com\/?p=7275"},"modified":"2023-03-20T01:12:01","modified_gmt":"2023-03-19T22:12:01","slug":"diroka-newroze","status":"publish","type":"post","link":"https:\/\/avruparicik.com\/?p=7275","title":{"rendered":"D\u00ceROKA NEWROZ\u00ca"},"content":{"rendered":"<p><img loading=\"lazy\" decoding=\"async\" class=\"alignleft\" src=\"https:\/\/avruparicik.com\/wp-content\/uploads\/2022\/03\/6F49BB78-7EBA-4C79-BD3F-5AC04B0BAD4E-554x470.jpeg\" width=\"289\" height=\"245\" \/><\/p>\n<p><span style=\"vertical-align: inherit;\"><span style=\"vertical-align: inherit;\">D\u00ceROKA NEWROZ\u00ca <\/span><\/span><br \/>\n<span style=\"vertical-align: inherit;\"><span style=\"vertical-align: inherit;\">Peyva Newroz\u00ea ji \u201cyeni\u201d \u00fb \u201croz\u201d\u00ea p\u00eak t\u00ea. <\/span><span style=\"vertical-align: inherit;\">Di kurd\u00ee de \u201cnew\u201d, \u201cnewa\u201d, \u201cnewe\u201d\u00fb \u201cn\u00fb\u201d wateya wan yek e; <\/span><span style=\"vertical-align: inherit;\">yan\u00ee n\u00fb. <\/span><span style=\"vertical-align: inherit;\">Di kurd\u00ee de \u201croz\u201d \u00fb \u201croj\u201d j\u00ee wateya wan yek e \u00fb \u00eero j\u00ee her du peyv t\u00ean bikaran\u00een. <\/span><span style=\"vertical-align: inherit;\">\u201cNewroz\u201d yani \u201cRoja n\u00fb\u201d, \u201cn\u00fbroj\u201d. <\/span><span style=\"vertical-align: inherit;\">Di kevne\u015fop\u00eey\u00ea de Newroz cejna p\u00eeroz a sersala n\u00fb ye. <\/span><span style=\"vertical-align: inherit;\">Gel\u00ea kurd j\u00ea re Newroz, \u00eeran\u00ee j\u00ee Nowr\u00fbz dib\u00eajin. <\/span><span style=\"vertical-align: inherit;\">Bingeha Newroz\u00ea bi esl\u00ea xwe digih\u00eaje dema zerde\u015ft\u00eey\u00ea \u00fb medan. <\/span><span style=\"vertical-align: inherit;\">Newroz di nav welat\u00ea Rojhilata Nav\u00een de di nav civaka kurd, faris, azer\u00ee, efxan\u00ee \u00fb pakistan\u00ee de t\u00ea p\u00eerozkirin. <\/span><span style=\"vertical-align: inherit;\">Tes\u00eera p\u00eerozkirina Newroz\u00ea heta Asyaya Nav\u00een \u00e7\u00fbye.<\/span><\/span><br \/>\n<span style=\"vertical-align: inherit;\"><span style=\"vertical-align: inherit;\">Niv\u00eeskar\u00ea kurd y\u00ea \u00e7axa navend\u00ee \u015eerefxan\u00ea Bidlis\u00ee, niv\u00eeskar\u00ea destana \u00ceran\u00ea ya binav\u00fbdeng \u015eehnamey\u00ea F\u00eerdews\u00ee \u00fb niviskar\u00ea \u00eeslam\u00ea y\u00ea \u00e7axa navend\u00ee Mes\u00fbd\u00e9 di pirt\u00fbkayet weihaye de. <\/span><span style=\"vertical-align: inherit;\">Dehaq \u015fah\u00ea asur\u00eeyan b\u00fb. <\/span><span style=\"vertical-align: inherit;\">Dehaq kesayet\u00eeyek\u00ee pir zalim \u00fb zordar b\u00fb. <\/span><span style=\"vertical-align: inherit;\">Xwed\u00ee le\u015fker, celad, z\u00ear \u00fb z\u00eevan b\u00fb. <\/span><span style=\"vertical-align: inherit;\">Xwe bi h\u00eaz \u00fb dewlemend did\u00eet. <\/span><span style=\"vertical-align: inherit;\">Bi aweyek\u00ee ji xwe bawer ti kes ji xwe mezintir, bih\u00eaztir \u00fb dewlemendtir nedid\u00eet. <\/span><span style=\"vertical-align: inherit;\">\u015eah\u00ea Asur\u00ea Dehaq \u015fevek\u00ea ji ber \u00ea\u015fa st\u00fb \u00fb mil\u00ean xwe ji xew hi\u015fyar dibe. <\/span><span style=\"vertical-align: inherit;\">Dib\u00eene ku ji st\u00fby\u00ea w\u00ee, yek ji al\u00eey\u00ea mil\u00ea rast\u00ea \u00fb ya din j\u00ee ji al\u00eey\u00ea mil\u00ea \u00e7ep\u00ea du bir\u00een ango kul derketine. <\/span><span style=\"vertical-align: inherit;\">Ji ber \u00ea\u015f \u00fb jana xwe bang li bij\u00ee\u015fk\u00ean xwe dike \u00fb bak\u0131myek\u00ea dixwaze. <\/span><span style=\"vertical-align: inherit;\">Bij\u00ee\u015fk\u00ean Dehaq j\u00ea re bak\u0131myek\u00ea nab\u00eenin. <\/span><span style=\"vertical-align: inherit;\">Pi\u015ft\u00ee v\u00ea ne\u00e7aret\u00eey\u00ea fermanek\u00ea derdixe \u00fb ji \u00cemparator\u00eeya Asur \u00e7i qas bij\u00ee\u015fk\u00ean h\u00eaja hene vedixw\u00eene qesra xwe da ku ji kula w\u00ee re bak\u0131myek\u00ea bib\u00eenin. <\/span><span style=\"vertical-align: inherit;\">Gelek bij\u00ee\u015fk\u00ean h\u00eaja y\u00ean w\u00ea dem\u00ea t\u00ean qesra Dehaq, l\u00ea ti bij\u00ee\u015fkek ji kula w\u00ee re bak\u0131m \u00fb dermanek\u00ea nab\u00eene. <\/span><span style=\"vertical-align: inherit;\">Demek ki wisa derbas dibe \u00fb her ku di\u00e7e \u00ea\u015f \u00fb jana w\u00ee z\u00eadetir dibe. <\/span><span style=\"vertical-align: inherit;\">Rojek\u00ea falbazek ji Dehaq re dib\u00eaje ku ev kula te kad\u0131nbe maran, tu ku her roj m\u00eaj\u00fby\u00ea du ciwanan wek melhem di kula xwe bid\u00ee, kula te d\u00ea b\u00ea dermankirin. <\/span><span style=\"vertical-align: inherit;\">Dehaq pi\u015ft\u00ee v\u00ea gotin\u00ea ferman\u00ea dide le\u015fker\u00ean xwe. <\/span><span style=\"vertical-align: inherit;\">Le\u015fker\u00ean w\u00ee onun roj du xortan dikujin \u00fb m\u00eaj\u00fby\u00ea wan t\u00eenin \u00fb hafta melhem di kula w\u00ee didin. <\/span><span style=\"vertical-align: inherit;\">Demek ki dir\u00eaj wisa derbaz dibe. <\/span><span style=\"vertical-align: inherit;\">Gel\u00ea bajar\u00ea N\u00eenoway\u00ea y\u00ea ku qesra Dehaq t\u00ea de ye, ji v\u00ea b\u00fbyer\u00ea eciz dibe. <\/span><span style=\"vertical-align: inherit;\">Kaway\u00ea Hesinkar \u00ea kurd j\u00ee li N\u00eenoway\u00ea dij\u00ee \u00fb hesinkar\u00eey\u00ea dike, ew j\u00ee ji v\u00ea b\u00fbyer\u00ea ne raz\u00ee ye. <\/span><span style=\"vertical-align: inherit;\">Kaway\u00ea Hesinkar \u00fb heval\u00ean w\u00ee xwe li dij\u00ee Dehaq bi r\u00eaxistin dikin. <\/span><span style=\"vertical-align: inherit;\">Pi\u015ft\u00ee demek\u00ea \u00ead\u00ee ciwanan nakujin, li \u015f\u00fbna m\u00eaj\u00fby\u00ea ciwanan du mihan ser j\u00eadikin \u00fb ji bo dermankirina kula Dehaq m\u00eaj\u00fby\u00ea mihan di\u015f\u00eenin. <\/span><span style=\"vertical-align: inherit;\">Ciwan\u00ean ku ji bo ku\u015ftin\u00ea hatine d\u00eeyarkirin j\u00ee, di\u015f\u00eenin ser\u00ea \u00e7\u00eeyayan \u00fb vedisir\u00eenin. <\/span><span style=\"vertical-align: inherit;\">Li gor\u00ee efsaneya ku kurd neql dikin, Kaway\u00ea Hesinkar ew kes\u00ean ku \u00e7\u00fbne \u00e7\u00eeya, wan h\u00een\u00ee le\u015fker\u00eey\u00ea dike \u00fb ji wan art\u00ea\u015fek\u00ea amade dike ji bo ku qesra Dehaq dagir bikin. <\/span><span style=\"vertical-align: inherit;\">Rojek\u00ea le\u015fker\u00ean Dehaq t\u00ean ba Kawa \u00fb dib\u00eajin ku dor ya law\u00ea te ye. <\/span><span style=\"vertical-align: inherit;\">Kaway\u00ea Hesinkar ji le\u015fker\u00ean Dehaq re dib\u00eaje, \u201ch\u00fbn bi\u00e7in, ez \u00ea law\u00ea xwe b\u00eenim \u00fb bi dest\u00ea xwe quurban\u00ee \u015fah\u00ea xwe bikim.\u201d <\/span><span style=\"vertical-align: inherit;\">Le\u015fker\u00ean Dehaq dizivirin qesr\u00ea \u00fb li benda Kawa dim\u00eenin. <\/span><span style=\"vertical-align: inherit;\">Kaway\u00ea Hesinkar heval\u00ean xwe \u00fb xort\u00ean ku li ser \u00e7\u00eeyayan in agahdar dike \u00fb plana xwe ji wan re dib\u00eaje. <\/span><span style=\"vertical-align: inherit;\">\u00cad\u00ee dema ku\u015ftina Dehaq hat\u00eeye, ez \u00ea \u00ee\u015fev w\u00ee bikujim. <\/span><span style=\"vertical-align: inherit;\">Kawa law\u00ea xwe dibe ba Dehaq (ber\u00ee zay\u00een\u00ea 612 \u015feva ku 20\u00ea Adar\u00ea gir\u00ea dide 21\u00ea Adar\u00ea). <\/span><span style=\"vertical-align: inherit;\">\u00c7ak\u00fb\u00e7\u00ea xwe y\u00ea ku p\u00ea hesin dikute radike ku ser\u00ea law\u00ea xwe bixe, l\u00ea li \u015f\u00fbna ser\u00ea law\u00ea xwe li ser\u00ea Dehaq dixe \u00fb li \u015f\u00fbna law\u00ea xwe Dehaq dikuje. <\/span><span style=\"vertical-align: inherit;\">Pi\u015ftre di qesr\u00ea de agirek\u00ee v\u00eadixe. <\/span><span style=\"vertical-align: inherit;\">Pi\u015ft\u00ee agirv\u00eaxistin\u00ea ciwan\u00ean ser\u00ea \u00e7\u00eeya \u00fb heval\u00ean Kawa \u00eari\u015f\u00ee qesr\u00ea dikin \u00fb qesra Dehaq dagir dikin. <\/span><span style=\"vertical-align: inherit;\">Gel\u00ean Mezopotamyay\u00ea ji zext \u00fb zilma Dehaq xilas \u00fb azad dikin. <\/span><span style=\"vertical-align: inherit;\">\u015eah\u00ea \u00cemparator\u00eeya Medan y\u00ea her\u00ee gir\u00eeng Qeyser an j\u00ee Keyaksar \u00cemparator\u00eeya Asuran hildiwe\u015f\u00eene \u00fb s\u00eenor\u00ean medan fireh dike \u00fb ji bo gelan rojeke n\u00fb dest p\u00ea dike. <\/span><span style=\"vertical-align: inherit;\">Pi\u015ft\u00ee agirv\u00eaxistin\u00ea ciwan\u00ean ser\u00ea \u00e7\u00eeya \u00fb heval\u00ean Kawa \u00eari\u015f\u00ee qesr\u00ea dikin \u00fb qesra Dehaq dagir dikin. <\/span><span style=\"vertical-align: inherit;\">Gel\u00ean Mezopotamyay\u00ea ji zext \u00fb zilma Dehaq xilas \u00fb azad dikin. <\/span><span style=\"vertical-align: inherit;\">\u015eah\u00ea \u00cemparator\u00eeya Medan y\u00ea her\u00ee gir\u00eeng Qeyser an j\u00ee Keyaksar \u00cemparator\u00eeya Asuran hildiwe\u015f\u00eene \u00fb s\u00eenor\u00ean medan fireh dike \u00fb ji bo gelan rojeke n\u00fb dest p\u00ea dike. <\/span><span style=\"vertical-align: inherit;\">Pi\u015ft\u00ee agirv\u00eaxistin\u00ea ciwan\u00ean ser\u00ea \u00e7\u00eeya \u00fb heval\u00ean Kawa \u00eari\u015f\u00ee qesr\u00ea dikin \u00fb qesra Dehaq dagir dikin. <\/span><span style=\"vertical-align: inherit;\">Gel\u00ean Mezopotamyay\u00ea ji zext \u00fb zilma Dehaq xilas \u00fb azad dikin. <\/span><span style=\"vertical-align: inherit;\">\u015eah\u00ea \u00cemparator\u00eeya Medan y\u00ea her\u00ee gir\u00eeng Qeyser an j\u00ee Keyaksar \u00cemparator\u00eeya Asuran hildiwe\u015f\u00eene \u00fb s\u00eenor\u00ean medan fireh dike \u00fb ji bo gelan rojeke n\u00fb dest p\u00ea dike.<\/span><\/span><br \/>\n<span style=\"vertical-align: inherit;\"><span style=\"vertical-align: inherit;\">Efsaneya Kaway\u00ea Hesinkar her \u00e7i qas xeyal\u00ee be j\u00ee, di nava v\u00ea efsaney\u00ea de rast\u00eeyeke civak\u00ee, \u00e7and\u00ee, s\u00eeyas\u00ee heye. <\/span><span style=\"vertical-align: inherit;\">Gelek \u00e7\u00eerok\u00ean kurdan \u00ean m\u00eetoloj\u00eek hene \u00fb di nava van \u00e7\u00eerokan de rast\u00eeya gel\u00ea kurd heye. <\/span><span style=\"vertical-align: inherit;\">Di efsaneya Kaway\u00ea Hesinkar de j\u00ee rast\u00ee \u00fb hest\u00ean netewey\u00ee y\u00ean gel\u00ea kurd hene. <\/span><span style=\"vertical-align: inherit;\">Gel\u00ea kurd v\u00ea roj\u00ea p\u00eeroz dib\u00eene \u00fb bi kelecaneke mezin p\u00ea\u015fwaz\u00ee dike. <\/span><span style=\"vertical-align: inherit;\">Newroz \u00eero b\u00fbye sembol \u00fb n\u00ee\u015fana serhildan \u00fb azad\u00eeya gel\u00ea kurd. <\/span><span style=\"vertical-align: inherit;\">Newroza biz piroz olal\u0131m.<\/span><\/span><\/p>\n<p><span style=\"vertical-align: inherit;\"><span style=\"vertical-align: inherit;\">ORHAN BUDAK<\/span><\/span><\/p>\n","protected":false},"excerpt":{"rendered":"<p>D\u00ceROKA NEWROZ\u00ca Peyva Newroz\u00ea ji \u201cyeni\u201d \u00fb \u201croz\u201d\u00ea p\u00eak t\u00ea. Di kurd\u00ee de \u201cnew\u201d, \u201cnewa\u201d, \u201cnewe\u201d\u00fb \u201cn\u00fb\u201d wateya wan yek e; yan\u00ee n\u00fb. Di kurd\u00ee de \u201croz\u201d \u00fb \u201croj\u201d j\u00ee wateya wan yek e \u00fb \u00eero j\u00ee her du peyv t\u00ean bikaran\u00een. \u201cNewroz\u201d yani \u201cRoja n\u00fb\u201d, \u201cn\u00fbroj\u201d. Di kevne\u015fop\u00eey\u00ea de Newroz cejna p\u00eeroz a sersala &hellip;<\/p>\n","protected":false},"author":4,"featured_media":7295,"comment_status":"open","ping_status":"open","sticky":false,"template":"","format":"standard","meta":{"footnotes":""},"categories":[110,113,34],"tags":[],"class_list":["post-7275","post","type-post","status-publish","format-standard","has-post-thumbnail","hentry","category-arsiv","category-guncel","category-duyurular"],"_links":{"self":[{"href":"https:\/\/avruparicik.com\/index.php?rest_route=\/wp\/v2\/posts\/7275","targetHints":{"allow":["GET"]}}],"collection":[{"href":"https:\/\/avruparicik.com\/index.php?rest_route=\/wp\/v2\/posts"}],"about":[{"href":"https:\/\/avruparicik.com\/index.php?rest_route=\/wp\/v2\/types\/post"}],"author":[{"embeddable":true,"href":"https:\/\/avruparicik.com\/index.php?rest_route=\/wp\/v2\/users\/4"}],"replies":[{"embeddable":true,"href":"https:\/\/avruparicik.com\/index.php?rest_route=%2Fwp%2Fv2%2Fcomments&post=7275"}],"version-history":[{"count":10,"href":"https:\/\/avruparicik.com\/index.php?rest_route=\/wp\/v2\/posts\/7275\/revisions"}],"predecessor-version":[{"id":7773,"href":"https:\/\/avruparicik.com\/index.php?rest_route=\/wp\/v2\/posts\/7275\/revisions\/7773"}],"wp:featuredmedia":[{"embeddable":true,"href":"https:\/\/avruparicik.com\/index.php?rest_route=\/wp\/v2\/media\/7295"}],"wp:attachment":[{"href":"https:\/\/avruparicik.com\/index.php?rest_route=%2Fwp%2Fv2%2Fmedia&parent=7275"}],"wp:term":[{"taxonomy":"category","embeddable":true,"href":"https:\/\/avruparicik.com\/index.php?rest_route=%2Fwp%2Fv2%2Fcategories&post=7275"},{"taxonomy":"post_tag","embeddable":true,"href":"https:\/\/avruparicik.com\/index.php?rest_route=%2Fwp%2Fv2%2Ftags&post=7275"}],"curies":[{"name":"wp","href":"https:\/\/api.w.org\/{rel}","templated":true}]}}