{"id":7493,"date":"2022-05-13T16:22:45","date_gmt":"2022-05-13T13:22:45","guid":{"rendered":"https:\/\/avruparicik.com\/?p=7493"},"modified":"2022-06-27T13:44:09","modified_gmt":"2022-06-27T10:44:09","slug":"cejna-zimane-kurdi-kurt-dil-bayrami-2","status":"publish","type":"post","link":"https:\/\/avruparicik.com\/?p=7493","title":{"rendered":"Cejna Ziman\u00ea Kurd\u00ee &#038; K\u00fcrt Dil Bayram\u0131"},"content":{"rendered":"<p><img loading=\"lazy\" decoding=\"async\" class=\"alignleft\" src=\"https:\/\/avruparicik.com\/wp-content\/uploads\/2022\/02\/c83efc31-aaca-403d-98a4-40a0a669b6b1-576x470.jpg\" width=\"263\" height=\"215\" \/><strong><span style=\"vertical-align: inherit;\"><span style=\"vertical-align: inherit;\">Cejna Ziman\u00ea Kurd\u00ee<\/span><\/span><\/strong><br \/>\n<span style=\"vertical-align: inherit;\"><span style=\"vertical-align: inherit;\"> Celadet El\u00ee Bedirxan \u00fb heval\u00ean w\u00ee, ber\u00eeya 90 salan, daxwaz \u00fb h\u00eaviy\u00ean xwe li ser yekem\u00een hejmara kovara Hawar\u00ea neqi\u015fandin. <\/span><span style=\"vertical-align: inherit;\">Wan dida diyarkirin ku ew kovar bi mebesta vejnandina doz \u00fb ziman\u00ea kurd\u00ee derdixin p\u00ea\u015fber\u00ee milet\u00ea xwe, da ku milet\u00ea kurd xwe nas bike, armanc\u00ean xwe pi\u015ftrast bike. <\/span><span style=\"vertical-align: inherit;\">Ev gotin li sirg\u00fbniy\u00ea hatin niv\u00ees\u00een, d\u00fbr\u00ee xaka welat, ji milet\u00ea xwe cuda. <\/span><span style=\"vertical-align: inherit;\">Bi diz\u00ee \u00fb ve\u015fart\u00ee ew hevok\u00ean ziman\u00ea kurd\u00ee y\u00ea \u015f\u00ear\u00een , bi p\u00ean\u00fbs\u00ean zana \u00fb dilsoz\u00ean welatpar\u00eaz, di riya pel\u00ean Hewar\u00ea re digihi\u015ftin wel\u00eat, nav dest\u00ean \u201cxwende.\u00fb hi\u015fyaran\u201d<\/span><\/span><br \/>\n<span style=\"vertical-align: inherit;\"><span style=\"vertical-align: inherit;\">Kovara Hawar, ku di 15\u00ea gulana 1932an de, li \u015eama paytexta S\u00fbriy\u00ea, jiyana xwe bi we\u015fandina bi t\u00eep\u00ean lat\u00een\u00ee dest p\u00ea kir, heta sala 1943an 57 hejmar we\u015fandin. <\/span><span style=\"vertical-align: inherit;\">Di war\u00ea niv\u00eesandina d\u00eerok \u00fb \u00e7anda Kurd\u00ee de, ew kar m\u00eena vej\u00eeneke n\u00fb t\u00ea d\u00eetin. <\/span><span style=\"vertical-align: inherit;\">V\u00ea destp\u00ea\u015fxeriya \u015fere\u015fa \u00e7and\u00ee, ku 90 sal ber\u00ea bi serk\u00ea\u015fiya Celadet El\u00ee Bedirxan \u00fb heval\u00ean w\u00ee nefret bir\u00eavebirin, \u00eero j\u00ee ji bo l\u00eakol\u00een\u00ean ziman \u00fb \u00e7anda Kurd\u00ee \u00e7avkaniya sir\u00fb\u015f \u00fb \u00eelham\u00ea ye. <\/span><\/span><br \/>\n<span style=\"vertical-align: inherit;\"><span style=\"vertical-align: inherit;\">Lewra, neyaran j\u00ee bi qas\u00ee Celadet dizanib\u00fb ku ziman heb\u00fbn \u00fb jiyan e, xwenas\u00een e, her weha t\u00ea digihi\u015ftin ku t\u00eak\u00e7\u00fbna m\u00eeletek\u00ee, d\u00ea bi \u00eenkar \u00fb qedexekirina ziman\u00ea w\u00ee be.<\/span><\/span><br \/>\n<span style=\"vertical-align: inherit;\"><span style=\"vertical-align: inherit;\">Celadet El\u00ee Bed\u00eerxan \u00fb heval\u00ean xwe, dest ji doza xwe bernedan, bi hesreta welatek\u00ee azad, miletek\u00ee xwedan kesatiyeke xwenas, ko\u00e7a xwe ya daw\u00ee ji jiyan\u00ea kirin. <\/span><span style=\"vertical-align: inherit;\">Ziman\u00ea wan, \u00ea ku t\u00eako\u015f\u00eena xwe li ser ava kirib\u00fbn, s\u00eaw\u00ee \u00fb di nav d\u00eewaran de girt\u00ee ma. <\/span><span style=\"vertical-align: inherit;\">L\u00ea heb\u00fbna xwe parast, tevl\u00ee hem\u00fb uzakta\u00ean \u00e7ewisandin\u00ea , di dil\u00ea gel\u00ea kurd de j\u00eendar ma. <\/span><span style=\"vertical-align: inherit;\">Li Tirkiy\u00ea heta 1980an wisa dom\u00eeya.<\/span><\/span><br \/>\n<span style=\"vertical-align: inherit;\"><span style=\"vertical-align: inherit;\">Pi\u015ft\u00ee 1980an, ji ber zext \u00fb fi\u015far\u00ean zordar\u00eeya dewlet\u00ea, gund\u00eeyan der\u00eey\u00ea xwe vekirin \u00fb kurd derketin derve. <\/span><span style=\"vertical-align: inherit;\">Kurdan der\u00eey\u00ea xwe vekirin \u00fb ber\u00ea xwe dan bajaran. <\/span><span style=\"vertical-align: inherit;\">Di p\u00eavajoya adaptasyon\u00ea de, ziman\u00ea piran\u00eeya malbatan guher\u00ee. <\/span><span style=\"vertical-align: inherit;\">Herwiha bi belavb\u00fbna tv\u00ean tirk\u00ee re, ji rexek\u00ee din ve lehiyek li ser ziman\u00ea kurd\u00ee rab\u00fb. <\/span><span style=\"vertical-align: inherit;\">\u00cero dema em bala xwe didin\u00ea, di mala her kurd\u00ee de, tirk\u00ee t\u00ea axaftin. <\/span><span style=\"vertical-align: inherit;\">Ev yek her roj, b\u00eest \u00fb \u00e7ar saetan dom dike. <\/span><span style=\"vertical-align: inherit;\">Ne giring e ku di wan xaniyan de k\u00ee bi tirk\u00ee diaxive, dibe ku ev tv be an j\u00ee endam\u00ean mal\u00ea bi xwe bin. <\/span><span style=\"vertical-align: inherit;\">A muh\u00eem ew e ku kurd\u00ee, ango ziman\u00ea wan bixwe, nay\u00ea bikaran\u00een, an j\u00ee t\u00ea bikaran\u00een l\u00ea di performanseke daket\u00ee de. <\/span><span style=\"vertical-align: inherit;\">Mirov nikare texm\u00een bisiklet, ku ev rew\u015fa xembar d\u00ea heta keng\u00ee dom bisiklet, l\u00ea mirov nikare h\u00eaviya xwe j\u00ee bibire. <\/span><span style=\"vertical-align: inherit;\">Ji ber ku alternat\u00eef\u00ean t\u00eako\u015f\u00eena kurdan a li ser ziman \u00fb heb\u00fbn\u00ea, \u00e7\u00eeqas di\u00e7e berfireh dibe. <\/span><span style=\"vertical-align: inherit;\">\u00cero li ba\u015f\u00fbr\u00ea Kurdistan\u00ea \u00fb Rojava ziman\u00ea kurd\u00ee ferm\u00ee ye \u00fb perwerde bi kurd\u00ee heye. <\/span><span style=\"vertical-align: inherit;\">Li Tirkiy\u00ea Mamostey\u00ean ziman\u00ea kurd\u00ee \u00fb xwendekar\u00ean wan, Zarok tv, rojnamey\u00ean bi kurd\u00ee, platform\u00ean medyay\u00ean civak\u00ee \u00ean bi kurd\u00ee \u00fb \u00e7alakiy\u00ean li ser ziman di v\u00ea rew\u015fa xembar de, cih\u00ea k\u00eafxwe\u015fiy <\/span><span style=\"vertical-align: inherit;\">L\u00ea div\u00ea ney\u00ea jib\u00eerkirin ku r\u00eayeke dir\u00eaj li p\u00ea\u015fiya kurdan heye \u00fb ev r\u00ea bi axaftin \u00fb perwerdeya ziman\u00ea day\u00eek\u00ea temam dibe.<\/span><\/span><br \/>\n<span style=\"vertical-align: inherit;\"><span style=\"vertical-align: inherit;\">Ji al\u00eey\u00ea kurdan ve, ji 2006 an \u00fb bi \u015f\u00fbn ve, roja 15\u00ea gulan\u00ea wek\u00ee \u201cCejna Ziman\u00ea Kurd\u00ee\u201d t\u00ea p\u00eerozkirin. <\/span><span style=\"vertical-align: inherit;\">Helbet ti\u015ftek\u00ee ku em p\u00eeroz bikin, hema em karin b\u00eajin, nemaye. <\/span><span style=\"vertical-align: inherit;\">L\u00ea armanc ew e ku hi\u015fyariya derbar\u00ea ziman\u00ea kurd\u00ee b\u00ea z\u00eadekirin, \u00fb \u015f\u00eereta Celadet El\u00ee Bed\u00eerxan \u00fb heval\u00ean w\u00ee ney\u00ea jib\u00eerkirin. <\/span><span style=\"vertical-align: inherit;\">Bi v\u00ea mebest\u00ea, Roja Cejna Ziman\u00ea Kurd\u00ee li we p\u00eeroz dikim! <\/span><\/span><br \/>\n<span style=\"vertical-align: inherit;\"><span style=\"vertical-align: inherit;\">Bi kurd\u00ee bij\u00een, xwe\u015f bij\u00een! <\/span><\/span><br \/>\n<strong><span style=\"vertical-align: inherit;\"><span style=\"vertical-align: inherit;\">\u00a0 \u00a0 \u00a0 \u00a0 \u00a0 \u00a0 \u00a0 \u00a0 \u00a0 \u00a0 \u00a0 \u00a0 \u00a0 \u00a0 \u00a0 \u00a0 \u00a0 \u00a0 \u00a0 \u00a0 \u00a0 \u00a0 \u00a0 \u00a0 \u00a0 \u00a0 \u00a0 \u00a0 \u00a0 \u00a0 \u00a0 \u00a0 \u00a0 \u00a0 \u00a0 \u00a0 \u00a0 \u00a0 \u00a0 \u00a0 \u00a0Orhan Budak -15-05-2021<\/span><\/span><\/strong><\/p>\n","protected":false},"excerpt":{"rendered":"<p>Cejna Ziman\u00ea Kurd\u00ee Celadet El\u00ee Bedirxan \u00fb heval\u00ean w\u00ee, ber\u00eeya 90 salan, daxwaz \u00fb h\u00eaviy\u00ean xwe li ser yekem\u00een hejmara kovara Hawar\u00ea neqi\u015fandin. Wan dida diyarkirin ku ew kovar bi mebesta vejnandina doz \u00fb ziman\u00ea kurd\u00ee derdixin p\u00ea\u015fber\u00ee milet\u00ea xwe, da ku milet\u00ea kurd xwe nas bike, armanc\u00ean xwe pi\u015ftrast bike. Ev gotin li sirg\u00fbniy\u00ea &hellip;<\/p>\n","protected":false},"author":4,"featured_media":0,"comment_status":"open","ping_status":"open","sticky":false,"template":"","format":"standard","meta":{"footnotes":""},"categories":[110,34],"tags":[],"class_list":["post-7493","post","type-post","status-publish","format-standard","hentry","category-arsiv","category-duyurular"],"_links":{"self":[{"href":"https:\/\/avruparicik.com\/index.php?rest_route=\/wp\/v2\/posts\/7493","targetHints":{"allow":["GET"]}}],"collection":[{"href":"https:\/\/avruparicik.com\/index.php?rest_route=\/wp\/v2\/posts"}],"about":[{"href":"https:\/\/avruparicik.com\/index.php?rest_route=\/wp\/v2\/types\/post"}],"author":[{"embeddable":true,"href":"https:\/\/avruparicik.com\/index.php?rest_route=\/wp\/v2\/users\/4"}],"replies":[{"embeddable":true,"href":"https:\/\/avruparicik.com\/index.php?rest_route=%2Fwp%2Fv2%2Fcomments&post=7493"}],"version-history":[{"count":6,"href":"https:\/\/avruparicik.com\/index.php?rest_route=\/wp\/v2\/posts\/7493\/revisions"}],"predecessor-version":[{"id":7788,"href":"https:\/\/avruparicik.com\/index.php?rest_route=\/wp\/v2\/posts\/7493\/revisions\/7788"}],"wp:attachment":[{"href":"https:\/\/avruparicik.com\/index.php?rest_route=%2Fwp%2Fv2%2Fmedia&parent=7493"}],"wp:term":[{"taxonomy":"category","embeddable":true,"href":"https:\/\/avruparicik.com\/index.php?rest_route=%2Fwp%2Fv2%2Fcategories&post=7493"},{"taxonomy":"post_tag","embeddable":true,"href":"https:\/\/avruparicik.com\/index.php?rest_route=%2Fwp%2Fv2%2Ftags&post=7493"}],"curies":[{"name":"wp","href":"https:\/\/api.w.org\/{rel}","templated":true}]}}