{"id":7753,"date":"2022-08-15T13:51:01","date_gmt":"2022-08-15T10:51:01","guid":{"rendered":"https:\/\/avruparicik.com\/?p=7753"},"modified":"2022-08-15T15:45:52","modified_gmt":"2022-08-15T12:45:52","slug":"11-haziran-2022-avrupa-dersim-ricikliler-dernegi-etkinligi","status":"publish","type":"post","link":"https:\/\/avruparicik.com\/?p=7753","title":{"rendered":"11 Haziran 2022 Avrupa Dersim R\u00ee\u00e7ikliler Derne\u011fi Etkinli\u011fi"},"content":{"rendered":"<p><img loading=\"lazy\" decoding=\"async\" class=\"alignleft\" src=\"https:\/\/avruparicik.com\/wp-content\/uploads\/2022\/02\/c83efc31-aaca-403d-98a4-40a0a669b6b1-576x470.jpg\" width=\"135\" height=\"110\" \/><\/p>\n<p align=\"JUSTIFY\">\u00a0Avrupa Dersim R\u00ee\u00e7ikliler Derne\u011finin kurulmas\u0131 hepimizi gururland\u0131rm\u0131\u015ft\u0131 ve \u0130stanbul\u2019daki Ge\u00e7itveren (R\u00ce\u00c7IK) ve \u00c7evre K\u00f6yleri derne\u011finin y\u00fck\u00fcn\u00fc hafifleterek, k\u00f6y i\u00e7in yap\u0131labileceklerin sorumlulu\u011funu alm\u0131\u015ft\u0131. Bu durum b\u00fct\u00fcn k\u00f6yl\u00fclerimizi heyecanland\u0131rm\u0131\u015f, umutland\u0131rm\u0131\u015f ve g\u00fc\u00e7lendirmi\u015ftir.<\/p>\n<p align=\"JUSTIFY\">\u00a0 \u00a0 Avrupa Dersim R\u00ee\u00e7ikliler derne\u011fi kuruldu\u011fundan beri b\u00fcy\u00fck bir \u00e7aba ve emek veriyor, kendilerine te\u015fekk\u00fcr ediyoruz. Ge\u00e7itveren (R\u00ee\u00e7ik) ve \u00c7evre K\u00f6yleri derne\u011fi ile Avrupa Dersim R\u00ee\u00e7ikliler derne\u011fi y\u00f6netimleri olarak b\u00fct\u00fcn etkinliklerimizi ortakla\u015ft\u0131rd\u0131k ve k\u00f6y muhtarl\u0131\u011f\u0131n\u0131n da etkinliklere dahil edilmesini tercih ettik. \u00d6rne\u011fin; k\u00f6yde a\u011fa\u00e7 ekim etkinli\u011fi, \u00fcniversitede okuyan \u00f6\u011frencilere e\u011fitim deste\u011fi, engelli k\u00f6yl\u00fclerimize destek\u2026vb.<\/p>\n<p align=\"JUSTIFY\">\u00a0 \u00a0 Avrupa Dersim R\u00ee\u00e7ikliler derne\u011finin 2020 Haziran ay\u0131nda yapmak istedikleri dayan\u0131\u015fma etkinlikleri pandemi nedeniyle ertelenmi\u015fti. Ertelenen etkinlik 11 Haziran 2022\u2019de yap\u0131ld\u0131. Avrupa derne\u011fimiz, Ge\u00e7itveren (R\u00ee\u00e7ik) ve \u00c7evre K\u00f6yleri derne\u011fi y\u00f6netimini ve k\u00f6y muhtar\u0131m\u0131z Bayram G\u00fczel\u2019in de etkinliklerine kat\u0131lma \u00e7a\u011fr\u0131s\u0131 yapm\u0131\u015ft\u0131. Dernek ba\u015fkan\u0131m\u0131z Dilek Bak\u0131\u015f ve ben etkinli\u011fe kat\u0131ld\u0131k. Ne yaz\u0131k ki k\u00f6y muhtar\u0131m\u0131z Bayram G\u00fczel\u2019in vize onay\u0131 gecikti\u011fi i\u00e7in etkinli\u011fe kat\u0131lamad\u0131.<\/p>\n<p align=\"JUSTIFY\">\u00a0 \u00a0 \u00a0 \u00a0 \u00a0Avrupa derne\u011fimiz etkinli\u011fini bir organizasyon \u015firketi ile de\u011fil, mutfak haz\u0131rl\u0131\u011f\u0131 dahil olmak \u00fczere, ses sistemi, sahne d\u00fczenlemesi, salonun haz\u0131rlanmas\u0131 gibi t\u00fcm i\u015flerin elbirli\u011fiyle k\u00f6yl\u00fclerimizce yap\u0131lm\u0131\u015f olmas\u0131 bizleri mutlu etti. Uzakta da olsa R\u00ee\u00e7ik ve di\u011fer \u00e7evre k\u00f6yleri dostlar\u0131 ile beraberlik i\u00e7inde, \u00a0co\u015fkuyla bir arada olmak i\u00e7in g\u00f6sterilen dayan\u0131\u015fmaya ve \u00a0dostlu\u011fa \u015fahitlik etmek t\u00fcm kat\u0131l\u0131mc\u0131lar\u0131 oldu\u011fu gibi beni de sevindirdi. \u00d6zellikle etkinli\u011fe b\u00fcy\u00fck renk katan R\u00ee\u00e7ik korosundan anonim k\u0131lamlar\u0131m\u0131z\u0131 dinlemek hepimizi \u00f6zledi\u011fimiz eski d\u00fc\u011f\u00fcnlerimize geri g\u00f6t\u00fcrd\u00fc. Avrupa\u2019n\u0131n bir\u00e7ok \u00fclkesine da\u011f\u0131lan R\u00ee\u00e7ik\u2019liler ve \u00c7evre k\u00f6yl\u00fclerimizle tan\u0131\u015ft\u0131k, bilgi al\u0131\u015fveri\u015finde bulunduk, beklentilerimizi ve gelecekte yapmay\u0131 istedi\u011fimiz konular \u00fczerinde fikir al\u0131\u015fveri\u015finde bulunduk. Ve anlad\u0131k ki Avrupa ve \u0130stanbul R\u00ee\u00e7ik dernek bile\u015fenleri bir araya geldi\u011finde temel amac\u0131m\u0131z olan dayan\u0131\u015fma ve beraberli\u011fimiz daha da g\u00fc\u00e7lenecek.<\/p>\n<p align=\"JUSTIFY\">\u00a0 \u00a0Bizleri de davet ederek kat\u0131l\u0131m\u0131m\u0131z\u0131 sa\u011flayan t\u00fcm Avrupa Dersim R\u00ee\u00e7ikliler derne\u011fi \u00fcyelerine, y\u00f6netimine ve t\u00fcm dostlara te\u015fekk\u00fcr ederiz. Ve bizleri Hollanda da kar\u015f\u0131layan, evinde misafirperverlikle a\u011f\u0131rlayan de\u011ferli ba\u015fkan\u0131m\u0131z Zeynel Selami ve e\u015fi Dilek Selami karde\u015fimize te\u015fekk\u00fcr ederiz\u2026<\/p>\n<p align=\"JUSTIFY\">\u00a0 \u00a0 \u00a0 \u00a0 \u00a0 \u00a0 \u00a0 \u00a0 \u00a0Orhan Budak<\/p>\n","protected":false},"excerpt":{"rendered":"<p>\u00a0Avrupa Dersim R\u00ee\u00e7ikliler Derne\u011finin kurulmas\u0131 hepimizi gururland\u0131rm\u0131\u015ft\u0131 ve \u0130stanbul\u2019daki Ge\u00e7itveren (R\u00ce\u00c7IK) ve \u00c7evre K\u00f6yleri derne\u011finin y\u00fck\u00fcn\u00fc hafifleterek, k\u00f6y i\u00e7in yap\u0131labileceklerin sorumlulu\u011funu alm\u0131\u015ft\u0131. Bu durum b\u00fct\u00fcn k\u00f6yl\u00fclerimizi heyecanland\u0131rm\u0131\u015f, umutland\u0131rm\u0131\u015f ve g\u00fc\u00e7lendirmi\u015ftir. \u00a0 \u00a0 Avrupa Dersim R\u00ee\u00e7ikliler derne\u011fi kuruldu\u011fundan beri b\u00fcy\u00fck bir \u00e7aba ve emek veriyor, kendilerine te\u015fekk\u00fcr ediyoruz. Ge\u00e7itveren (R\u00ee\u00e7ik) ve \u00c7evre K\u00f6yleri derne\u011fi ile Avrupa &hellip;<\/p>\n","protected":false},"author":4,"featured_media":0,"comment_status":"open","ping_status":"open","sticky":false,"template":"","format":"standard","meta":{"footnotes":""},"categories":[110,34],"tags":[],"class_list":["post-7753","post","type-post","status-publish","format-standard","hentry","category-arsiv","category-duyurular"],"_links":{"self":[{"href":"https:\/\/avruparicik.com\/index.php?rest_route=\/wp\/v2\/posts\/7753","targetHints":{"allow":["GET"]}}],"collection":[{"href":"https:\/\/avruparicik.com\/index.php?rest_route=\/wp\/v2\/posts"}],"about":[{"href":"https:\/\/avruparicik.com\/index.php?rest_route=\/wp\/v2\/types\/post"}],"author":[{"embeddable":true,"href":"https:\/\/avruparicik.com\/index.php?rest_route=\/wp\/v2\/users\/4"}],"replies":[{"embeddable":true,"href":"https:\/\/avruparicik.com\/index.php?rest_route=%2Fwp%2Fv2%2Fcomments&post=7753"}],"version-history":[{"count":7,"href":"https:\/\/avruparicik.com\/index.php?rest_route=\/wp\/v2\/posts\/7753\/revisions"}],"predecessor-version":[{"id":7795,"href":"https:\/\/avruparicik.com\/index.php?rest_route=\/wp\/v2\/posts\/7753\/revisions\/7795"}],"wp:attachment":[{"href":"https:\/\/avruparicik.com\/index.php?rest_route=%2Fwp%2Fv2%2Fmedia&parent=7753"}],"wp:term":[{"taxonomy":"category","embeddable":true,"href":"https:\/\/avruparicik.com\/index.php?rest_route=%2Fwp%2Fv2%2Fcategories&post=7753"},{"taxonomy":"post_tag","embeddable":true,"href":"https:\/\/avruparicik.com\/index.php?rest_route=%2Fwp%2Fv2%2Ftags&post=7753"}],"curies":[{"name":"wp","href":"https:\/\/api.w.org\/{rel}","templated":true}]}}