{"id":7824,"date":"2022-09-19T22:16:29","date_gmt":"2022-09-19T19:16:29","guid":{"rendered":"https:\/\/avruparicik.com\/?p=7824"},"modified":"2022-09-19T22:16:29","modified_gmt":"2022-09-19T19:16:29","slug":"hdp-den-bakan-olmaz-demek-antidemokratik-bir-anlayistir","status":"publish","type":"post","link":"https:\/\/avruparicik.com\/?p=7824","title":{"rendered":"\u2018HDP den Bakan olmaz\u2019 demek antidemokratik bir anlay\u0131\u015ft\u0131r"},"content":{"rendered":"<p>\u2018HDP den Bakan olmaz\u2019 demek antidemokratik bir anlay\u0131\u015ft\u0131r<br \/>\nCHP milletvekili G\u00fcrsel Tekin&#8217;nin kat\u0131ld\u0131\u011f\u0131 bir TV program\u0131nda sorulan bir soruya verdi\u011fi cevapla \u201ctabii<br \/>\nki HDP den bakan olabilir \u00e7\u00fcnk\u00fc HDP anayasal olarak kurulmu\u015f bir partidir neden olmas\u0131n\u201c dedikten<br \/>\nsonra bir haftad\u0131r t\u00fcm TV kanallar\u0131nda, yaz\u0131l\u0131 ve s\u00f6zl\u00fc bas\u0131n da tart\u0131\u015fmalar\u0131n ard\u0131 arkas\u0131 kesilmiyor.<br \/>\nSanki T\u00fcrkiyenin ba\u015fka tart\u0131\u015f\u0131lacak bir sorunu yokmu\u015f da tek sorun acaba HDP&#8217;den bakan olurmu<br \/>\ntart\u0131\u015fmas\u0131na kilitlenmi\u015f durumda. Bu konuya biraz a\u00e7\u0131klama getirmek istiyorum.<br \/>\nPeki soru su: Bu konu neden bukadar \u00f6nemli? Ger\u00e7ekten HDP \u00fcyesi birinin bakan olmas\u0131 hangi siyasi<br \/>\nve demokratik kurala ayk\u0131r\u0131? Anayasal kurallara g\u00f6re kurulmu\u015f, ald\u0131\u011f\u0131 oylarla Millet Meclisinde 3.<br \/>\nParti olan ve tamamen legal bir faaliyet y\u00fcr\u00fcten bir parti neden bukadar d\u0131\u015flan\u0131yor? H\u00fck\u00fcmet ve<br \/>\nyanda\u015f\u0131 medya bu sorunu neden bukadar g\u00fcndemin anakonusu yap\u0131yorlar. Herhangi demokratik bir<br \/>\n\u00fclkede b\u00f6yle bir tart\u0131\u015fma m\u00fcmk\u00fcnm\u00fc? Bu nas\u0131l bir anlay\u0131\u015f. Bir partinin anayasa ve kanunlardan gelen<br \/>\nbir hakk\u0131n\u0131 bir ba\u015fka parti nas\u0131l yok sayar? Bu konuya biraz a\u00e7\u0131klama getirmek istiyorum.<br \/>\nHer\u015feyden \u00f6nce hat\u0131rlatmakta yarar var. HDP Milletvekilleri adl\u0131 kurumlardan ald\u0131klar\u0131 &#8216;temiz ka\u011f\u0131d\u0131&#8217;<br \/>\nve YSK nin da kabul\u00fc neticesinde di\u011fer partiler gibi milletvekili se\u00e7iliyorlar ve kanun kar\u015f\u0131s\u0131nda di\u011fer<br \/>\nt\u00fcm partiler gibi ayn\u0131 haklara sahiptirler. HDP den bakan olmaz diyen yazar \u00e7izer ve politikac\u0131lara<br \/>\nhat\u0131rlatmak laz\u0131m. AKP tekba\u015f\u0131na h\u00fck\u00fcmeti kuramad\u0131\u011f\u0131 2015 de BDP den kabinesine iki bakan<br \/>\nalmam\u0131\u015f m\u0131yd\u0131? Ve bug\u00fcn TC B\u00fcy\u00fck Millet Meclisininin Ba\u015fkan Yard\u0131mc\u0131s\u0131 HDP li de\u011fil mi? Bu<br \/>\nger\u00e7ekler ortada dururken iktidar yanl\u0131s\u0131 bas\u0131n ve yay\u0131n kurulu\u015flar b\u00f6yle sa\u00e7ma bir anlay\u0131\u015f\u0131 neden<br \/>\nortaya at\u0131yorlar. Bu tart\u0131\u015fman\u0131n esas amac\u0131 nedir ona bakal\u0131m;<br \/>\nBirinci sebep AKP nin b\u00fct\u00fcn ara\u015ft\u0131rmalara g\u00f6re \u00f6n\u00fcm\u00fczdeki se\u00e7imde se\u00e7ilemeyecek olmas\u0131ndan da<br \/>\nkaynaklan\u0131yor. Bu t\u00fcr hamlelerle IYI parti taban\u0131n\u0131 HDP ye kar\u015f\u0131 k\u0131\u015fk\u0131rtarak IYI parti taban\u0131ndaki<br \/>\nmilliyet\u00e7i oylar\u0131 kendilerine d\u00f6n\u00fc\u015f\u00fcn\u00fc sa\u011flamak. . Ikincisi ise eski MHP k\u00f6kenli IYI parti y\u00f6netiminin<br \/>\nCHP \u00f6nderli\u011finde olu\u015fturulan 6&#8217;l\u0131 ittifaktan ayr\u0131lmas\u0131n\u0131 sa\u011flamakt\u0131r. Zira 6&#8217;l\u0131 masan\u0131n yumu\u015fak karn\u0131<br \/>\nIYI partidir. Ayr\u0131ca belirtmeliyiz ki bug\u00fcn ki g\u00fc\u00e7 dengesine bak\u0131ld\u0131\u011f\u0131nda AKP li Cumhur ittifak\u0131yla CHP li<br \/>\nMillet ittifak\u0131n\u0131n (6 l\u0131 masa) yap\u0131lacak se\u00e7imlerde alabilecekleri oylar iki grubunda tekba\u015f\u0131na iktidara<br \/>\ngelebilecek bir \u00e7o\u011funlu\u011fu olu\u015fturamayaca\u011f\u0131n\u0131 g\u00f6steriyor. HDP nin %10 ve yukar\u0131 bir oranda oyu tayin<br \/>\nedici bir g\u00fc\u00e7 olarak ortada duruyor ve bu oran\u0131n b\u00fct\u00fcn ara\u015ft\u0131rmalara g\u00f6re pek d\u00fc\u015fmeyece\u011fi ortada.<br \/>\nAKP ve yanda\u015f bas\u0131n bu durumda; ya HDP yi cumhur itifak\u0131na kazand\u0131rmak ki bu ihtimal \u015fuan \u00e7ok<br \/>\nzay\u0131f g\u00f6r\u00fcl\u00fcyor ikinci ama\u00e7 olarak da HDP kar\u015f\u0131t\u0131 bir hamleyle IYI partinin 6 li masadan(Millet ittifak\u0131)<br \/>\nkoparmak ve IYI Partiye giden oylar\u0131 yeniden MHP ve AKP ye kazand\u0131rmakt\u0131r. AKP nin bu basit<br \/>\ndenklem hesab\u0131n\u0131 asl\u0131nda herkes g\u00f6r\u00fcyor. Bunun i\u00e7in AKP ve MHP ittifak\u0131 ve yanda\u015flar\u0131, hert\u00fcrl\u00fc<br \/>\nimkan\u0131 kullanarak HDP taban\u0131n\u0131n Millet ittifak\u0131na ve onun tayin edece\u011fi cumhurba\u015fkan\u0131 aday\u0131ndan<br \/>\nuzakla\u015ft\u0131rmakt\u0131r. Bu ama\u00e7 i\u00e7in CHP nin HDP ye y\u00f6nelik ufak bir olumlu ifadesinden yola \u00e7\u0131karak CHP<br \/>\nnin HDP ile gizli bir ittifak halinde oldu\u011funu, dolay\u0131s\u0131yla b\u00f6l\u00fcc\u00fc ter\u00f6r \u00f6rg\u00fct\u00fcne yard\u0131m etti\u011fi gibi bir<br \/>\npropogandayla iyi Parti taban\u0131n\u0131 yeniden kazanmay\u0131 hedefliyor. Halk\u0131n deyimiyle adeta bir ka\u015f\u0131k<br \/>\nsudan f\u0131rt\u0131na koparmaya \u00e7al\u0131\u015f\u0131yorlar. Tart\u0131\u015fmalar\u0131n \u00f6z\u00fc tamda bu. Asl\u0131nda hem HDP hemde CHP<br \/>\ndefalarca b\u00f6yle bir ittifak\u0131n olmad\u0131\u011f\u0131n\u0131, ayr\u0131ca HDP nin gelecek se\u00e7imde kendi adaylar\u0131yla se\u00e7ime<br \/>\nkat\u0131laca\u011f\u0131n\u0131 defalarca kamuoyuna a\u00e7\u0131k olarak ifade ettiler. Mevcut siyasi ittifaklarda da bu durum net<br \/>\nolarak g\u00f6r\u00fcl\u00fcyor. \u00f6rne\u011fin:<br \/>\n\u00d6n\u00fcm\u00fczdeki y\u0131l yap\u0131lacak genel se\u00e7imlere kat\u0131lacak parti ve guruplardan olu\u015fan \u015fu ana kadar d\u00f6rt<br \/>\nayr\u0131 ittifak olu\u015fmu\u015f durumda. Bunlar: 1.Cumkur ittifak\u0131(AKP, MHP,ve baz\u0131 dinci milliyet\u00e7i partiler),<br \/>\n2.Millet ittifak\u0131 (CHP, DP, IYI Parti, DEVA Partisi, Gelecek Partisi ve Saadet Partisi), 3. Emek ve<br \/>\n\u00d6zg\u00fcrl\u00fck ittifak\u0131 ( HDP, TIP,EMEP,EHP,ToP,SMF) olu\u015fmaktad\u0131r. 4. Sosyalist G\u00fc\u00e7 Birli\u011fi (TKP, SOL<br \/>\nPARTI, TKIH, Devrim Hareketi) gibi partilerden olu\u015fuyor. Konumuzun esas\u0131 olmad\u0131\u011f\u0131 i\u00e7in bu ittifaklar\u0131n<br \/>\nprogramlar\u0131n\u0131 de\u011ferlendirmiyoruz. Ayr\u0131ca Cumhur ittifak\u0131n\u0131n d\u0131\u015f\u0131nda yeralan di\u011fer \u00fc\u00e7 muhalefet<br \/>\nittifak\u0131ndan herhangi birini \u00f6ne \u00e7\u0131karmak i\u015fimiz de\u011fil.\u0130\u00e7inde ya\u015fad\u0131\u011f\u0131m\u0131z bu \u00e7a\u011fda herkesin<br \/>\ng\u00f6r\u00fc\u015flerine sayg\u0131 duymak durumunday\u0131z. Hangi muhalif grubun kimlerle ittifak kuraca\u011f\u0131 tamam\u0131yla<br \/>\nsiyasi bir tercihtir ve bizim sayg\u0131 g\u00f6stermemiz gerekir. Hi\u00e7 bir ittifak\u0131 \u00f6ne \u00e7\u0131karma amac\u0131m\u0131z da yoktur.<br \/>\nNe var ki d\u00fcnyadaki di\u011fer demokratik burjuva devletlerine bakt\u0131\u011f\u0131m\u0131zda t\u00fcrkiyedeki siyasi atmosferin<br \/>\nne kadar banal ve \u00e7a\u011fd\u0131\u015f\u0131 oldu\u011funu iddia etmek hi\u00e7 de zor de\u011fil. Bir ka\u00e7 \u00f6rnek vererek t\u00fcrkiyedeki<br \/>\ndurumu dahada anla\u015f\u0131l\u0131r k\u0131labiliriz. \u00d6rnek olarak avrupan\u0131n baz\u0131 \u00fclkelerindeki duruma bir bakal\u0131m.<br \/>\nYeni kurulan Ingiliz kabinesinde d\u00f6rt yabanc\u0131 uyruklu bakan\u0131n oldu\u011funu belirtelim. \u00dcstelik bu<br \/>\nbakanl\u0131klar \u00f6nemli Bakanl\u0131klard\u0131r.\u00d6rne\u011fin:<br \/>\nKwasi Kwarteng (Ganal\u0131) Ekonomi Bakan\u0131, James Cleverli(Siere Leone)D\u0131\u015fi\u015fleri Bakan\u0131. Suella<br \/>\nBraverman(Hindistan) \u0130\u00e7i\u015fleri Bakanl\u0131\u011f\u0131. Nadhim Zahawi (Irakl\u0131 K\u00fcrt) H\u00fck\u00fcmetleraras\u0131 \u0130li\u015fkiler ve<br \/>\ne\u015fitlik Bakanl\u0131\u011f\u0131. Asl\u0131nda di\u011fer bat\u0131 Avrupa \u00fclkelerinde durum ayn\u0131 yani avrupan\u0131n \u00e7e\u015fitli \u00fclkelerinde<br \/>\n\u00e7e\u015fitli partilere mensup onlarca Milletvekilinin yan\u0131nda \u00e7ok say\u0131da bakan\u0131n varl\u0131\u011f\u0131n\u0131 da burada<br \/>\nbelirtmeliyiz. \u00d6rne\u011fin: Federal Almanya h\u00fck\u00fcmetinin koalisyon orta\u011f\u0131 Ye\u015filler Partisinin e\u015f ba\u015fkan\u0131<br \/>\nOmid Nourpour (\u0130ran\u2019l\u0131), yine Tar\u0131m Bakan\u0131 Cem \u00d6zdemir (T\u00fcrkye\u2019li) Bel\u00e7ika da Zuhal Demir<br \/>\n(T\u00fcrkiye\u2019le) Devlet Bakan\u0131. Hollanda da Dilan Yesilg\u00f6z (T\u00fcrkiye\u2019li)Adelet Bakan\u0131. G\u00fcnay Uslu<br \/>\n(T\u00fcrkiye\u2019li) K\u00fclt\u00fcr Bakan\u0131. \u0130sve\u00e7 kabinesinde iki T\u00fcrkiyeli Bakan. Bunlardan Ibrahim Baylan(T\u00fcrkiye\u2019li,<br \/>\ns\u00fcryai). Enerji Bakan\u0131<br \/>\nMehmet Kaplan (T\u00fcrkiye\u2019li) Konut ve \u015eehircilik Bakan\u0131.<br \/>\nBu \u00f6rnekleri vermemizdeki ama\u00e7 avrupa demokrasileriyle T\u00fcrkiye aras\u0131ndaki fark\u0131<br \/>\ng\u00f6stermektir. Ayr\u0131ca yukar\u0131daki bakanlar son yar\u0131m as\u0131rdan beri buraya gelmi\u015f co\u011fuda i\u015f\u00e7i<br \/>\n\u00e7ocuklar. Bu tabloya bak\u0131nca T\u00fcrkiye&#8217;deki tart\u0131\u015fmalar\u0131n nekadar gerici, milliyet\u00e7i ve \u015foven<br \/>\noldu\u011funu iddia etmek i\u00e7in fazla teorik bilgiye sahip olmaya bile gerek yok.. Avrupan\u0131n<br \/>\n\u00e7e\u015fitli \u00fclkelerinde bir asr\u0131 bulmayan bir s\u00fcre i\u00e7inde buraya gelen \u00e7e\u015fitli milliyetlerden<br \/>\ninsanlar bakan olabilirken, T\u00fcrkiyedeki K\u00fcrt ulusundan insanlar\u0131n bakan olamayaca\u011f\u0131n\u0131<br \/>\ni\u00e7lerine sindirememek ne kadar antidemokratik ve insan hakk\u0131na kar\u015f\u0131 , \u00fcstellik k\u00fcrtler<br \/>\nyukar\u0131da verdi\u011fimiz \u00f6rneklerdeki ki\u015filer gibi son y\u00fczy\u0131l i\u00e7inde buralara gelen insanlar de\u011fil<br \/>\nbu co\u011frafyan\u0131n binlerce y\u0131ll\u0131k sahipleri ve en eski k\u00e2dim ulusundand\u0131r.<br \/>\nAyr\u0131ca K\u00fcrtler, TC nin kurtulu\u015f sava\u015flar\u0131nda ve kurulu\u015fundan da tayin edici bir g\u00fc\u00e7 olarak<br \/>\nyer alm\u0131\u015flard\u0131r bunu da unutmamak laz\u0131m. Her ne kadar kar\u015f\u0131 \u00e7\u0131kt\u0131klar\u0131 ki\u015filerin HDP li<br \/>\nolduklar\u0131 dolay\u0131s\u0131yla&#8217;ter\u00f6r \u00f6rg\u00fct\u00fcne destek verdikleri&#8217;gibi yalan yanl\u0131\u015f gerek\u00e7elerin arkas\u0131na<br \/>\ns\u0131\u011f\u0131nsalar da bu sa\u00e7ma gerek\u00e7e HDP nin demokratik ve kanunlar \u00e7er\u00e7evesinde kurulan bir<br \/>\nparti olmas\u0131ndan kaynaklanan haklar\u0131n\u0131 yok sayamazlar. Bu vesileyle \u00f6n\u00fcm\u00fczdeki y\u0131llarda<br \/>\nyap\u0131lacak se\u00e7imlerden sonra HDP nin d\u0131\u015flanmas\u0131 kabul edilemez. Bu hakk\u0131 savunmak i\u00e7in<br \/>\nHDP li olmaya da gerek yok, sadece demokrasinin asgari standartlar\u0131n\u0131 savunmak yeterlidir.<br \/>\nN. Bakis<br \/>\n09.09.2022<\/p>\n","protected":false},"excerpt":{"rendered":"<p>\u2018HDP den Bakan olmaz\u2019 demek antidemokratik bir anlay\u0131\u015ft\u0131r CHP milletvekili G\u00fcrsel Tekin&#8217;nin kat\u0131ld\u0131\u011f\u0131 bir TV program\u0131nda sorulan bir soruya verdi\u011fi cevapla \u201ctabii ki HDP den bakan olabilir \u00e7\u00fcnk\u00fc HDP anayasal olarak kurulmu\u015f bir partidir neden olmas\u0131n\u201c dedikten sonra bir haftad\u0131r t\u00fcm TV kanallar\u0131nda, yaz\u0131l\u0131 ve s\u00f6zl\u00fc bas\u0131n da tart\u0131\u015fmalar\u0131n ard\u0131 arkas\u0131 kesilmiyor. Sanki T\u00fcrkiyenin ba\u015fka &hellip;<\/p>\n","protected":false},"author":6,"featured_media":0,"comment_status":"open","ping_status":"open","sticky":false,"template":"","format":"standard","meta":{"footnotes":""},"categories":[113,34],"tags":[],"class_list":["post-7824","post","type-post","status-publish","format-standard","hentry","category-guncel","category-duyurular"],"_links":{"self":[{"href":"https:\/\/avruparicik.com\/index.php?rest_route=\/wp\/v2\/posts\/7824","targetHints":{"allow":["GET"]}}],"collection":[{"href":"https:\/\/avruparicik.com\/index.php?rest_route=\/wp\/v2\/posts"}],"about":[{"href":"https:\/\/avruparicik.com\/index.php?rest_route=\/wp\/v2\/types\/post"}],"author":[{"embeddable":true,"href":"https:\/\/avruparicik.com\/index.php?rest_route=\/wp\/v2\/users\/6"}],"replies":[{"embeddable":true,"href":"https:\/\/avruparicik.com\/index.php?rest_route=%2Fwp%2Fv2%2Fcomments&post=7824"}],"version-history":[{"count":1,"href":"https:\/\/avruparicik.com\/index.php?rest_route=\/wp\/v2\/posts\/7824\/revisions"}],"predecessor-version":[{"id":7825,"href":"https:\/\/avruparicik.com\/index.php?rest_route=\/wp\/v2\/posts\/7824\/revisions\/7825"}],"wp:attachment":[{"href":"https:\/\/avruparicik.com\/index.php?rest_route=%2Fwp%2Fv2%2Fmedia&parent=7824"}],"wp:term":[{"taxonomy":"category","embeddable":true,"href":"https:\/\/avruparicik.com\/index.php?rest_route=%2Fwp%2Fv2%2Fcategories&post=7824"},{"taxonomy":"post_tag","embeddable":true,"href":"https:\/\/avruparicik.com\/index.php?rest_route=%2Fwp%2Fv2%2Ftags&post=7824"}],"curies":[{"name":"wp","href":"https:\/\/api.w.org\/{rel}","templated":true}]}}