{"id":7853,"date":"2022-12-20T01:57:39","date_gmt":"2022-12-19T22:57:39","guid":{"rendered":"https:\/\/avruparicik.com\/?p=7853"},"modified":"2022-12-20T01:57:39","modified_gmt":"2022-12-19T22:57:39","slug":"ricik-koyunde-korte-cellan-2","status":"publish","type":"post","link":"https:\/\/avruparicik.com\/?p=7853","title":{"rendered":"R\u0130\u00c7\u0130K K\u00d6Y\u00dcNDE KORT\u011a \u00c7ELLAN.."},"content":{"rendered":"<div class=\"x11i5rnm xat24cr x1mh8g0r x1vvkbs xdj266r x126k92a\">\n<div dir=\"auto\"><img loading=\"lazy\" decoding=\"async\" class=\"alignleft\" src=\"https:\/\/scontent-fra5-2.xx.fbcdn.net\/v\/t39.30808-6\/319931091_704316801083565_8764972848978699239_n.jpg?_nc_cat=106&amp;ccb=1-7&amp;_nc_sid=8bfeb9&amp;_nc_ohc=iHWf3SvsH48AX_pGhZg&amp;_nc_ht=scontent-fra5-2.xx&amp;oh=00_AfA8kIIuUj44Cv98qPez34E5xs3E3lDn2HMiZl9g3J5kqQ&amp;oe=63A5F7F3\" alt=\"Bir \u00e7im, da\u011f, a\u011fa\u00e7 ve g\u00f6ky\u00fcz\u00fc g\u00f6rseli olabilir\" width=\"248\" height=\"181\" \/><\/div>\n<\/div>\n<div class=\"x11i5rnm xat24cr x1mh8g0r x1vvkbs xtlvy1s x126k92a\">\n<div dir=\"auto\">Ri\u00e7ik,Fars\u00e7adan K\u0131rm\u00e2nc\u00ee diline ge\u00e7mi\u015f k\u00f6k anlam\u0131n\u0131 ta\u015f\u0131yan bir kelimedir.<\/div>\n<\/div>\n<div class=\"x11i5rnm xat24cr x1mh8g0r x1vvkbs xtlvy1s x126k92a\">\n<div dir=\"auto\">Kort,Derin g\u00f6\u00e7\u00fck<\/div>\n<div dir=\"auto\">\u00c7el,K\u0131rk say\u0131s\u0131 anlam\u0131nda<\/div>\n<\/div>\n<div class=\"x11i5rnm xat24cr x1mh8g0r x1vvkbs xtlvy1s x126k92a\">\n<div dir=\"auto\">Ri\u00e7ik kelimesi,hem bir k\u00f6y ismi hem Hizol A\u015firetinin \u00e7evre k\u00f6yler ve Dersim ilinde en fazla n\u00fcfusun ya\u015fad\u0131\u011f\u0131 ve Anadolunun t\u00fcm b\u00f6lgelerine g\u00f6\u00e7 veren merkezi \u00fcs alan\u0131n ad\u0131d\u0131r.<\/div>\n<div dir=\"auto\">Halk dilinde buna k\u00f6k(Ri\u00e7ik)salma olarak lanse edilmektedir.<\/div>\n<\/div>\n<div class=\"x11i5rnm xat24cr x1mh8g0r x1vvkbs xtlvy1s x126k92a\">\n<div dir=\"auto\">Hizol A\u015firetinin b\u00f6lgeye yerle\u015fmesi ile bir \u00e7ok n\u00fcfus ve nufuz dengelerin de\u011fi\u015fmesine neden olan ve olaylar\u0131n ya\u015fand\u0131\u011f\u0131 merkezi bir k\u00f6yd\u00fcr.<\/div>\n<div dir=\"auto\">Do\u011fusunda Teman ve Goman,G\u00fcneyinde Muxundu,\u00c7\u00f6\u015fk,bat\u0131s\u0131nda \u015e\u00f6bek Kuzeyinde X\u0131ran a\u015firetine ba\u011fl\u0131 Zerikan,Fere\u00e7,K\u0131\u015ftan,Veliyan gibi bir \u00e7ok k\u00f6y ile kom\u015fu olan bir \u00fcs b\u00f6lgesidir.<\/div>\n<\/div>\n<div class=\"x11i5rnm xat24cr x1mh8g0r x1vvkbs xtlvy1s x126k92a\">\n<div dir=\"auto\">Bulundu\u011fu konum itibariyle ge\u00e7mi\u015fte ya\u015fanm\u0131\u015f olaylar\u0131n ve bu olaylar sonucunda b\u00f6lge ve m\u0131nt\u0131kalara verilen isimler g\u00fcn\u00fcm\u00fcze kadar muhafaza ederek kendinden bahs ettirmi\u015ftir.<\/div>\n<\/div>\n<div class=\"x11i5rnm xat24cr x1mh8g0r x1vvkbs xtlvy1s x126k92a\">\n<div dir=\"auto\">Dar\u0131 PEPUK\u011a<\/div>\n<div dir=\"auto\">Ri\u00e7ik\u011b Xemd<\/div>\n<div dir=\"auto\">Poz\u00ee R\u011b\u015f<\/div>\n<div dir=\"auto\">Ewd\u0131la \u011az\u00ee\u017e<\/div>\n<div dir=\"auto\"><img loading=\"lazy\" decoding=\"async\" class=\"alignleft\" src=\"https:\/\/scontent-fra5-2.xx.fbcdn.net\/v\/t39.30808-6\/318962280_698736991687143_5438998926674684466_n.jpg?_nc_cat=100&amp;ccb=1-7&amp;_nc_sid=8bfeb9&amp;_nc_ohc=xhP6qlb4GHAAX_5PBNX&amp;_nc_ht=scontent-fra5-2.xx&amp;oh=00_AfCmwyjSb2iBiQyM4eREaWsiKQEh9HbJ81xADit2x54EpA&amp;oe=63A670B7\" alt=\"Bir da\u011f ve do\u011fa g\u00f6rseli olabilir\" width=\"280\" height=\"311\" \/>Gom\u011b Budan&#8230; gibi meskenler hakk\u0131nda daha \u00f6nceleri kar\u0131nca kadar\u0131nca bir \u015feyler yazmaya \u00e7al\u0131\u015ft\u0131k..<\/div>\n<div dir=\"auto\">Dolay\u0131s\u0131yla yaz\u0131m\u0131z\u0131n bug\u00fcnk\u00fc ana temas\u0131 bir \u00e7ok ac\u0131lar\u0131n ve olaylar\u0131n ya\u015fand\u0131\u011f\u0131 yerin ad\u0131 olarak ge\u00e7en KORT\u011a \u00c7ELLAN&#8230;<\/div>\n<\/div>\n<div class=\"x11i5rnm xat24cr x1mh8g0r x1vvkbs xtlvy1s x126k92a\">\n<div dir=\"auto\">Sel\u00e7uklu Devletinin y\u0131k\u0131lmas\u0131yla kurulan Osmanl\u0131 Devletinin idare d\u00f6neminde s\u00f6z ve etki g\u00fcc\u00fc olan Mir ve Beylerin ve A\u015firetlerin h\u00e2kimi amans\u0131z verilen sava\u015flar ve bu sava\u015flar\u0131n halk \u00fczerinde ya\u015fatan ac\u0131lar\u0131n ve g\u00f6zya\u015flar\u0131n hat\u0131ralar ile k\u0131rg\u0131n g\u00f6n\u00fcllere miras b\u0131rakan olmu\u015ftur.<\/div>\n<\/div>\n<div class=\"x11i5rnm xat24cr x1mh8g0r x1vvkbs xtlvy1s x126k92a\">\n<div dir=\"auto\">\u0130nsanl\u0131k ad\u0131na gelecekte umut ve bar\u0131\u015f\u0131n temelini in\u015faa eden dostluklar\u0131n kuruldu\u011fu d\u00f6nemin olmas\u0131 elbette ki sevindirici bir durumdur.<\/div>\n<\/div>\n<div class=\"x11i5rnm xat24cr x1mh8g0r x1vvkbs xtlvy1s x126k92a\">\n<div dir=\"auto\">X\u0131ran Zerikan a\u015firetinin b\u00f6lgedeki g\u00fcc\u00fc Osmanl\u0131 Devletinin idare d\u00f6nemi ve etkisi Bey ve Mirlerin konumu her alanda kendini hissettirmi\u015ftir.<\/div>\n<div dir=\"auto\">K\u0131\u011f\u0131 sanca\u011f\u0131 ve hakiminde ki Bey ve Mirlerin devlet ikamesinin olmad\u0131\u011f\u0131 d\u00f6nemlerde g\u00fc\u00e7 g\u00f6sterisi keyfi i\u00e7tiatleri bir \u00e7ok ac\u0131lara neden olmu\u015ftur.<\/div>\n<div dir=\"auto\">Bu ac\u0131lar\u0131n dilinde hikayemizin konusu KORT\u011a \u00c7ELLAN olan meskendir&#8230;<\/div>\n<\/div>\n<div class=\"x11i5rnm xat24cr x1mh8g0r x1vvkbs xtlvy1s x126k92a\">\n<div dir=\"auto\">Hizol A\u015firetinin b\u00f6lgeye boylar halinde seferler d\u00fczenleyerek Atalar\u0131 Ewd\u0131la \u011az\u00ee\u017e&#8217;in oldu\u011fu alana gelmesi ve(buna da SIM\u0130 Sefer)burdan da baz\u0131 b\u00f6lgelere intikal ermesi ile ba\u015flayan yeni yerle\u015fim alanlar\u0131na sahip olmas\u0131,b\u00f6lge hakimini elinde bulunduran,h\u00fck\u00fcm s\u00fcren Palu ve K\u0131\u011f\u0131 beylerin amans\u0131z bask\u0131lar\u0131 kar\u015f\u0131s\u0131nda bir \u00e7ok a\u015firetler kendi aralar\u0131nda g\u00fc\u00e7 birli\u011fi dahilinde kar\u015f\u0131 koymalar\u0131 ile \u00e7\u0131kan \u00e7at\u0131\u015fmalarda her iki taraftan \u00e7ok say\u0131da ki\u015filerin \u00f6l\u00fcm\u00fcne neden oldu\u011fu yer ve bu m\u00fccadeleyi kazanan Hizoller,kendilerine bir s\u0131n\u0131r \u00e7izmeye ve bu s\u0131n\u0131r\u0131nda KORT\u011a \u00c7ELLAN olarak kabul ettirilen mevkidir.<\/div>\n<\/div>\n<div class=\"x11i5rnm xat24cr x1mh8g0r x1vvkbs xtlvy1s x126k92a\">\n<div dir=\"auto\">O g\u00fcnden sonra yakla\u015f\u0131k 50 y\u0131l gibi uzun s\u00fcre bu b\u00f6lgeye kimselerin gitmedi\u011fi s\u00f6ylenir&#8230;<\/div>\n<div dir=\"auto\">Daha sonraki s\u00fcre\u00e7lerde ya\u015fanan bar\u0131\u015f konsepti ile bir \u00e7ok alanlar tar\u0131ma a\u00e7\u0131larak b\u00f6lge halk\u0131na sunulur.<\/div>\n<div dir=\"auto\">B\u00f6yle ac\u0131lar\u0131n ve dramlar\u0131n bir daha ya\u015fanmamas\u0131 dile\u011fiyle&#8230; \u015eahin Polat<\/div>\n<\/div>\n","protected":false},"excerpt":{"rendered":"<p>Ri\u00e7ik,Fars\u00e7adan K\u0131rm\u00e2nc\u00ee diline ge\u00e7mi\u015f k\u00f6k anlam\u0131n\u0131 ta\u015f\u0131yan bir kelimedir. Kort,Derin g\u00f6\u00e7\u00fck \u00c7el,K\u0131rk say\u0131s\u0131 anlam\u0131nda Ri\u00e7ik kelimesi,hem bir k\u00f6y ismi hem Hizol A\u015firetinin \u00e7evre k\u00f6yler ve Dersim ilinde en fazla n\u00fcfusun ya\u015fad\u0131\u011f\u0131 ve Anadolunun t\u00fcm b\u00f6lgelerine g\u00f6\u00e7 veren merkezi \u00fcs alan\u0131n ad\u0131d\u0131r. Halk dilinde buna k\u00f6k(Ri\u00e7ik)salma olarak lanse edilmektedir. Hizol A\u015firetinin b\u00f6lgeye yerle\u015fmesi ile bir \u00e7ok &hellip;<\/p>\n","protected":false},"author":6,"featured_media":0,"comment_status":"open","ping_status":"open","sticky":false,"template":"","format":"standard","meta":{"footnotes":""},"categories":[25,32],"tags":[],"class_list":["post-7853","post","type-post","status-publish","format-standard","hentry","category-cevrekoyleri","category-ricik-haberler"],"_links":{"self":[{"href":"https:\/\/avruparicik.com\/index.php?rest_route=\/wp\/v2\/posts\/7853","targetHints":{"allow":["GET"]}}],"collection":[{"href":"https:\/\/avruparicik.com\/index.php?rest_route=\/wp\/v2\/posts"}],"about":[{"href":"https:\/\/avruparicik.com\/index.php?rest_route=\/wp\/v2\/types\/post"}],"author":[{"embeddable":true,"href":"https:\/\/avruparicik.com\/index.php?rest_route=\/wp\/v2\/users\/6"}],"replies":[{"embeddable":true,"href":"https:\/\/avruparicik.com\/index.php?rest_route=%2Fwp%2Fv2%2Fcomments&post=7853"}],"version-history":[{"count":1,"href":"https:\/\/avruparicik.com\/index.php?rest_route=\/wp\/v2\/posts\/7853\/revisions"}],"predecessor-version":[{"id":7854,"href":"https:\/\/avruparicik.com\/index.php?rest_route=\/wp\/v2\/posts\/7853\/revisions\/7854"}],"wp:attachment":[{"href":"https:\/\/avruparicik.com\/index.php?rest_route=%2Fwp%2Fv2%2Fmedia&parent=7853"}],"wp:term":[{"taxonomy":"category","embeddable":true,"href":"https:\/\/avruparicik.com\/index.php?rest_route=%2Fwp%2Fv2%2Fcategories&post=7853"},{"taxonomy":"post_tag","embeddable":true,"href":"https:\/\/avruparicik.com\/index.php?rest_route=%2Fwp%2Fv2%2Ftags&post=7853"}],"curies":[{"name":"wp","href":"https:\/\/api.w.org\/{rel}","templated":true}]}}