{"id":7897,"date":"2023-02-24T16:31:40","date_gmt":"2023-02-24T13:31:40","guid":{"rendered":"https:\/\/avruparicik.com\/?p=7897"},"modified":"2023-02-24T17:02:12","modified_gmt":"2023-02-24T14:02:12","slug":"avrupa-dersim-ricikliler-dernegi-onculugunde-baslattigimiz-deprem-kampanyasi-yerine-ulasmistir","status":"publish","type":"post","link":"https:\/\/avruparicik.com\/?p=7897","title":{"rendered":"Avrupa Dersim Ri\u00e7ikliler  derne\u011fi \u00f6nc\u00fcl\u00fc\u011f\u00fcnde ba\u015flatt\u0131\u011f\u0131m\u0131z deprem kampanyas\u0131 yerine ula\u015fm\u0131\u015ft\u0131r"},"content":{"rendered":"<p>Avrupa Dersim Ri\u00e7ikliler derne\u011fi \u00f6nc\u00fcl\u00fc\u011f\u00fcnde ba\u015flatt\u0131\u011f\u0131m\u0131z deprem kampanyas\u0131nda son durum g\u00fcncellemesi !<br \/>\nY\u00fcr\u00fctt\u00fc\u011f\u00fcm\u00fcz kampanya siz de\u011ferli Ri\u00e7ikliler ve dostlar\u0131 sayesinde amac\u0131na ula\u015fm\u0131\u015ft\u0131r.Bu karanl\u0131k g\u00fcnlerde bir \u0131\u015f\u0131k bir lokma bir umut olabildiysek ne mutlu bize\u2026S\u00fcre\u00e7 uzun ve yaralar\u0131n sar\u0131lmas\u0131 \u00e7ok g\u00fc\u00e7\u2026<\/p>\n<p>Bir \u00e7ok ki\u015fi ve kurumla bu s\u00fcre\u00e7te ileti\u015fimde bulunduk.Bunlardan biride Dersim belediyesiydi.Fakat belediyenin uzun s\u00fcre bir yerde kalmamas\u0131 nedeni ile bir ka\u00e7 b\u00f6lgedeki cemevleri a\u015fevleri ve sivil toplum kurulu\u015flar\u0131 ile g\u00f6r\u00fc\u015ft\u00fck.Yapt\u0131\u011f\u0131m\u0131z g\u00f6r\u00fc\u015fmeler sonucunda en b\u00fcy\u00fck gerek uzun s\u00fcre muhafaza edilmesi a\u00e7\u0131s\u0131ndan kuru bakliyatd\u0131.Bizde bu y\u00f6nde ilerledik.<br \/>\n1 ton bulgur<br \/>\n1 ton pirin\u00e7<br \/>\n1 ton fas\u00fclye<br \/>\n1 ton mercimek<br \/>\n1ton nohut<br \/>\nToplam\u0131nda 5 ton kuru bakliyat yard\u0131m\u0131nda bulunduk.yard\u0131mlar\u0131m\u0131z Malatya cemevi b\u00fcnyesinde yerlerine ula\u015fm\u0131\u015ft\u0131r.<br \/>\nKatk\u0131da bulunan destek sunan herkese te\u015fekk\u00fcr ediyoruz.Bu s\u00fcre\u00e7te lojistik ve ileti\u015fim i\u00e7in elinden geleni yapan \u0130stanbul Ri\u00e7ik derne\u011fi ve ba\u015fkan\u0131 say\u0131n Ayhan Ercan\u2019a \u00e7ok te\u015fekk\u00fcr ediyoruz.Erzaklar\u0131n yerine ulasmasinda nakliye ucretini karsilayan Sn.\u0130mam Topal a ayr\u0131ca te\u015fekk\u00fcr ederiz .beraber ve koordine ederek \u00e7al\u0131\u015fmam\u0131z olduk\u00e7a verimli sonu\u00e7lar elde etmemizi sa\u011flad\u0131.<br \/>\nVe erzaklar\u0131n yerine ula\u015fmas\u0131nda bizzat kendisi de bulunan,bulundu\u011fu yerden al\u0131p gidece\u011fi yere ula\u015fmas\u0131n\u0131 sa\u011flayan sevgili b\u00fcy\u00fc\u011f\u00fcm\u00fcz Fevzi \u00c7etin\u2019e de te\u015fekk\u00fcrlerimizi sunuyoruz.<\/p>\n<p>Sayg\u0131lar ve selamlar Avrupa Dersim Ri\u00e7ikliler Derne\u011fi<\/p>\n<p><iframe loading=\"lazy\" title=\"no 1\" width=\"500\" height=\"281\" src=\"https:\/\/www.youtube.com\/embed\/XeOX6tbmrmo?start=3&#038;feature=oembed\" frameborder=\"0\" allow=\"accelerometer; autoplay; clipboard-write; encrypted-media; gyroscope; picture-in-picture; web-share\" referrerpolicy=\"strict-origin-when-cross-origin\" allowfullscreen><\/iframe><\/p>\n<p><iframe loading=\"lazy\" title=\"no2\" width=\"500\" height=\"281\" src=\"https:\/\/www.youtube.com\/embed\/z-9odA7z9eQ?start=6&#038;feature=oembed\" frameborder=\"0\" allow=\"accelerometer; autoplay; clipboard-write; encrypted-media; gyroscope; picture-in-picture; web-share\" referrerpolicy=\"strict-origin-when-cross-origin\" allowfullscreen><\/iframe><\/p>\n<p><iframe loading=\"lazy\" title=\"no3\" width=\"500\" height=\"281\" src=\"https:\/\/www.youtube.com\/embed\/HpiAU3UAy5c?feature=oembed\" frameborder=\"0\" allow=\"accelerometer; autoplay; clipboard-write; encrypted-media; gyroscope; picture-in-picture; web-share\" referrerpolicy=\"strict-origin-when-cross-origin\" allowfullscreen><\/iframe><\/p>\n","protected":false},"excerpt":{"rendered":"<p>Avrupa Dersim Ri\u00e7ikliler derne\u011fi \u00f6nc\u00fcl\u00fc\u011f\u00fcnde ba\u015flatt\u0131\u011f\u0131m\u0131z deprem kampanyas\u0131nda son durum g\u00fcncellemesi ! Y\u00fcr\u00fctt\u00fc\u011f\u00fcm\u00fcz kampanya siz de\u011ferli Ri\u00e7ikliler ve dostlar\u0131 sayesinde amac\u0131na ula\u015fm\u0131\u015ft\u0131r.Bu karanl\u0131k g\u00fcnlerde bir \u0131\u015f\u0131k bir lokma bir umut olabildiysek ne mutlu bize\u2026S\u00fcre\u00e7 uzun ve yaralar\u0131n sar\u0131lmas\u0131 \u00e7ok g\u00fc\u00e7\u2026 Bir \u00e7ok ki\u015fi ve kurumla bu s\u00fcre\u00e7te ileti\u015fimde bulunduk.Bunlardan biride Dersim belediyesiydi.Fakat belediyenin uzun s\u00fcre &hellip;<\/p>\n","protected":false},"author":6,"featured_media":7905,"comment_status":"open","ping_status":"open","sticky":false,"template":"","format":"standard","meta":{"footnotes":""},"categories":[25,113],"tags":[],"class_list":["post-7897","post","type-post","status-publish","format-standard","has-post-thumbnail","hentry","category-cevrekoyleri","category-guncel"],"_links":{"self":[{"href":"https:\/\/avruparicik.com\/index.php?rest_route=\/wp\/v2\/posts\/7897","targetHints":{"allow":["GET"]}}],"collection":[{"href":"https:\/\/avruparicik.com\/index.php?rest_route=\/wp\/v2\/posts"}],"about":[{"href":"https:\/\/avruparicik.com\/index.php?rest_route=\/wp\/v2\/types\/post"}],"author":[{"embeddable":true,"href":"https:\/\/avruparicik.com\/index.php?rest_route=\/wp\/v2\/users\/6"}],"replies":[{"embeddable":true,"href":"https:\/\/avruparicik.com\/index.php?rest_route=%2Fwp%2Fv2%2Fcomments&post=7897"}],"version-history":[{"count":3,"href":"https:\/\/avruparicik.com\/index.php?rest_route=\/wp\/v2\/posts\/7897\/revisions"}],"predecessor-version":[{"id":7906,"href":"https:\/\/avruparicik.com\/index.php?rest_route=\/wp\/v2\/posts\/7897\/revisions\/7906"}],"wp:featuredmedia":[{"embeddable":true,"href":"https:\/\/avruparicik.com\/index.php?rest_route=\/wp\/v2\/media\/7905"}],"wp:attachment":[{"href":"https:\/\/avruparicik.com\/index.php?rest_route=%2Fwp%2Fv2%2Fmedia&parent=7897"}],"wp:term":[{"taxonomy":"category","embeddable":true,"href":"https:\/\/avruparicik.com\/index.php?rest_route=%2Fwp%2Fv2%2Fcategories&post=7897"},{"taxonomy":"post_tag","embeddable":true,"href":"https:\/\/avruparicik.com\/index.php?rest_route=%2Fwp%2Fv2%2Ftags&post=7897"}],"curies":[{"name":"wp","href":"https:\/\/api.w.org\/{rel}","templated":true}]}}