{"id":8856,"date":"2024-11-14T20:10:31","date_gmt":"2024-11-14T17:10:31","guid":{"rendered":"https:\/\/avruparicik.com\/?p=8856"},"modified":"2024-11-14T20:10:31","modified_gmt":"2024-11-14T17:10:31","slug":"boryayin-dersim-tunceli-mazgirt-ricik-gecitveren-fest-panel-bulent-kucuk-peter-bumke-martin-greve","status":"publish","type":"post","link":"https:\/\/avruparicik.com\/?p=8856","title":{"rendered":"Boryay\u0131n-Dersim Tunceli Mazgirt Ri\u00e7ik-Ge\u00e7itveren-Fest.Panel-B\u00fclent K\u00dc\u00c7\u00dcK-Peter BUMKE-Martin GREVE"},"content":{"rendered":"<p><iframe loading=\"lazy\" title=\"Boryay\u0131n-Dersim Tunceli Mazgirt Ri\u00e7ik-Ge\u00e7itveren-Fest.Panel-B\u00fclent K\u00dc\u00c7\u00dcK-Peter BUMKE-Martin GREVE\" width=\"500\" height=\"375\" src=\"https:\/\/www.youtube.com\/embed\/z0eObSC5IPs?feature=oembed\" frameborder=\"0\" allow=\"accelerometer; autoplay; clipboard-write; encrypted-media; gyroscope; picture-in-picture; web-share\" referrerpolicy=\"strict-origin-when-cross-origin\" allowfullscreen><\/iframe><\/p>\n<p>V\u0130DEO: DERS\u0130M TUNCEL\u0130 MAZG\u0130RT &#8221; R\u0130\u00c7\u0130K &#8211; GE\u00c7\u0130TVEREN K\u00d6Y\u00dc &#8221; &#8220;DO\u011eA BARI\u015e ve K\u00dcLT\u00dcR FEST\u0130VAL\u0130 3. G\u00dcN PRO\u011eRAMI PANEL: D\u00dcNDEN BU G\u00dcNE R\u0130\u00c7\u0130K TAR\u0130H\u0130 ve R\u0130\u00c7\u0130K!E DA\u0130R G\u00d6ZLEMLER\u0130 SUNUM: B\u00dcLENT K\u00dc\u00c7\u00dcK-PETER BUMKE-MART\u0130N GREVE S\u00d6YLE\u015e\u0130: EDEB\u0130.\u00d6\u011eRT. MUSTAFA BOR MAZG\u0130RT DERNE\u011e\u0130 YK \u00dcYES\u0130 \u00c7EK\u0130M &#8211; YAPIM &#8211; YAYIN: BORYAPIM &#8211; BORYAYIN 2024 MAZG\u0130RT<\/p>\n<p>&nbsp;<\/p>\n","protected":false},"excerpt":{"rendered":"<p>V\u0130DEO: DERS\u0130M TUNCEL\u0130 MAZG\u0130RT &#8221; R\u0130\u00c7\u0130K &#8211; GE\u00c7\u0130TVEREN K\u00d6Y\u00dc &#8221; &#8220;DO\u011eA BARI\u015e ve K\u00dcLT\u00dcR FEST\u0130VAL\u0130 3. G\u00dcN PRO\u011eRAMI PANEL: D\u00dcNDEN BU G\u00dcNE R\u0130\u00c7\u0130K TAR\u0130H\u0130 ve R\u0130\u00c7\u0130K!E DA\u0130R G\u00d6ZLEMLER\u0130 SUNUM: B\u00dcLENT K\u00dc\u00c7\u00dcK-PETER BUMKE-MART\u0130N GREVE S\u00d6YLE\u015e\u0130: EDEB\u0130.\u00d6\u011eRT. MUSTAFA BOR MAZG\u0130RT DERNE\u011e\u0130 YK \u00dcYES\u0130 \u00c7EK\u0130M &#8211; YAPIM &#8211; YAYIN: BORYAPIM &#8211; BORYAYIN 2024 MAZG\u0130RT &nbsp;<\/p>\n","protected":false},"author":6,"featured_media":8397,"comment_status":"open","ping_status":"open","sticky":false,"template":"","format":"standard","meta":{"footnotes":""},"categories":[1],"tags":[],"class_list":["post-8856","post","type-post","status-publish","format-standard","has-post-thumbnail","hentry","category-genel"],"_links":{"self":[{"href":"https:\/\/avruparicik.com\/index.php?rest_route=\/wp\/v2\/posts\/8856","targetHints":{"allow":["GET"]}}],"collection":[{"href":"https:\/\/avruparicik.com\/index.php?rest_route=\/wp\/v2\/posts"}],"about":[{"href":"https:\/\/avruparicik.com\/index.php?rest_route=\/wp\/v2\/types\/post"}],"author":[{"embeddable":true,"href":"https:\/\/avruparicik.com\/index.php?rest_route=\/wp\/v2\/users\/6"}],"replies":[{"embeddable":true,"href":"https:\/\/avruparicik.com\/index.php?rest_route=%2Fwp%2Fv2%2Fcomments&post=8856"}],"version-history":[{"count":1,"href":"https:\/\/avruparicik.com\/index.php?rest_route=\/wp\/v2\/posts\/8856\/revisions"}],"predecessor-version":[{"id":8857,"href":"https:\/\/avruparicik.com\/index.php?rest_route=\/wp\/v2\/posts\/8856\/revisions\/8857"}],"wp:featuredmedia":[{"embeddable":true,"href":"https:\/\/avruparicik.com\/index.php?rest_route=\/wp\/v2\/media\/8397"}],"wp:attachment":[{"href":"https:\/\/avruparicik.com\/index.php?rest_route=%2Fwp%2Fv2%2Fmedia&parent=8856"}],"wp:term":[{"taxonomy":"category","embeddable":true,"href":"https:\/\/avruparicik.com\/index.php?rest_route=%2Fwp%2Fv2%2Fcategories&post=8856"},{"taxonomy":"post_tag","embeddable":true,"href":"https:\/\/avruparicik.com\/index.php?rest_route=%2Fwp%2Fv2%2Ftags&post=8856"}],"curies":[{"name":"wp","href":"https:\/\/api.w.org\/{rel}","templated":true}]}}