{"id":9080,"date":"2025-08-27T17:11:37","date_gmt":"2025-08-27T14:11:37","guid":{"rendered":"https:\/\/avruparicik.com\/?p=9080"},"modified":"2025-08-27T17:11:37","modified_gmt":"2025-08-27T14:11:37","slug":"ricik-ekoloji-komisyonu-calisma-raporu","status":"publish","type":"post","link":"https:\/\/avruparicik.com\/?p=9080","title":{"rendered":"R\u00ee\u00e7ik Ekoloji Komisyonu \u00c7al\u0131\u015fma Raporu"},"content":{"rendered":"<p>R\u00ee\u00e7ik Ekoloji Komisyonu \u00c7al\u0131\u015fma Raporu<br \/>\nHer R\u00ee\u00e7ikli ve R\u00ee\u00e7ik\u2019e g\u00f6n\u00fcl vermi\u015f her insan, mevzubahis R\u00ee\u00e7ik olunca fedak\u00e2rl\u0131ktan ka\u00e7\u0131nmaz<br \/>\nhi\u00e7bir zaman. G\u00f6rev sayar kendine R\u00ee\u00e7ik i\u00e7in \u00e7al\u0131\u015fmay\u0131 ve R\u00ee\u00e7ik i\u00e7in fedak\u00e2rl\u0131kta bulunmay\u0131. A\u011fustos<br \/>\n2023\u2019ten bu yana k\u00f6y\u00fcm\u00fcz ile ilgili hayli kafa yorduk bug\u00fcne dek hi\u00e7 olmad\u0131\u011f\u0131 kadar. S\u00f6ylenebilecek<br \/>\ns\u00f6zlerin belki de tamam\u0131 s\u00f6ylendi. Yap\u0131labilecek pratikler ise k\u0131smen yap\u0131ld\u0131, k\u0131smen duruyor h\u00e2l\u00e2.<br \/>\nR\u00ee\u00e7ik\u2019in sorunlar\u0131 ve ihtiya\u00e7lar\u0131 biraz hafiflemi\u015f olsa da bu \u00e7al\u0131\u015fmalarla birlikte, yine de yap\u0131lacak daha<br \/>\n\u00e7ok i\u015f var \u00f6n\u00fcm\u00fczde. Ba\u015flarken do\u011fru tespitlerle yola koyulmaya \u00e7al\u0131\u015ft\u0131k. Zaten k\u00f6y\u00fcm\u00fcz\u00fc \u00e7ok iyi<br \/>\nbildi\u011fimiz i\u00e7in sorunlar\u0131n ve ihtiya\u00e7lar\u0131n ne oldu\u011funu \u00e7ok iyi biliyorduk asl\u0131nda. Dolay\u0131s\u0131yla sorun ve<br \/>\nihtiya\u00e7lar\u0131n tespiti konusunda \u00e7ok fazla bir gayret i\u00e7ine girmeye hi\u00e7 gerek kalmad\u0131. Yine de yerinde<br \/>\nve tespitlerin do\u011fru yap\u0131lmas\u0131 \u00e7ok \u00f6nemliydi i\u015fin do\u011fas\u0131 gere\u011fi.<br \/>\n\u0130lk \u00f6nce sekiz ki\u015fiden olu\u015fan bir \u00dcst Kurul olu\u015fturduk. Daha sonra d\u00f6rt ayr\u0131 komisyonun<br \/>\nkurulmas\u0131na karar verdik: Tarih ve K\u00fclt\u00fcr Komisyonu, Tar\u0131m Komisyonu, Enerji Komisyonu ve Ekoloji<br \/>\nKomisyonu\u2026 \u00d6ncesinde kurulmu\u015f olan Kad\u0131n Komisyonu\u2019nu da katarsak, be\u015f ayr\u0131 komisyonla<br \/>\n\u00e7al\u0131\u015fmalar y\u00fcr\u00fctt\u00fck. Sosyal medya ba\u015fta olmak \u00fczere \u00e7e\u015fitli platformlarda \u00e7al\u0131\u015fmalar\u0131m\u0131zla ilgili<br \/>\nbilgiler payla\u015ft\u0131k. Kimi zaman iyi yank\u0131 buldu, kimi zaman ise s\u00f6n\u00fck ge\u00e7ti duyurular\u0131m\u0131za olan ilgi. Ne<br \/>\nolursa olsun sonu\u00e7 al\u0131ncaya kadar \u00e7al\u0131\u015fmalar\u0131m\u0131z\u0131 y\u00fcr\u00fctmeye kararl\u0131yd\u0131k. Bir di\u011fer kararl\u0131l\u0131\u011f\u0131m\u0131z ise;<br \/>\nGe\u00e7itveren (R\u00ee\u00e7ik) ve \u00c7evre K\u00f6yleri K\u00fclt\u00fcr ve Dayan\u0131\u015fma Derne\u011fi, Avrupa Dersim R\u00ee\u00e7ikliler Derne\u011fi<br \/>\ne.V. ile Ge\u00e7itveren (R\u00ee\u00e7ik) K\u00f6y Muhtarl\u0131\u011f\u0131 \u00f6nc\u00fcl\u00fc\u011f\u00fcnde \u00dcst Kurul, Komisyonlar ve S.S. R\u00ee\u00e7ik Tar\u0131msal<br \/>\nKalk\u0131nma Kooperatifi\u2019nin uyum i\u00e7inde ve ortak kararlara imza atarak varl\u0131klar\u0131n\u0131 s\u00fcrd\u00fcrmeleri oldu.<br \/>\nBu kararl\u0131l\u0131\u011f\u0131m\u0131z sekteye u\u011fratmadan bug\u00fcne kadar getirdik. Bundan sonra da devam ettirece\u011fimize<br \/>\nolan inanc\u0131m tam. \u00c7al\u0131\u015fmalar\u0131m\u0131zda \u00f6nc\u00fc rol oynayan, destek veren kim varsa herkese sonsuz<br \/>\nte\u015fekk\u00fcr bor\u00e7luyuz.<br \/>\nBu yaz\u0131da her iki derne\u011fin, muhtarl\u0131\u011f\u0131n, komisyonlar\u0131n ve kooperatifin ger\u00e7ekle\u015ftirdikleri<br \/>\nicraatlara de\u011finerek detaya bo\u011fmak istemem kimseyi. \u00dcyesi olmaktan onur duydu\u011fum Ekoloji<br \/>\nKomisyonu\u2019nun, bug\u00fcne dek yapt\u0131\u011f\u0131 \u00e7al\u0131\u015fmalar\u0131 ve ileride hayata ge\u00e7irmek istedikleri projeleri<br \/>\nyazarak detayl\u0131ca bilgi payla\u015f\u0131m\u0131nda bulunmak istiyorum sadece.<br \/>\nEkoloji Komisyonu\u2019nu Ekim 2023\u2019te kurduk. \u0130lk toplant\u0131m\u0131z\u0131 22 Ekim 2023\u2019te g\u00f6r\u00fcnt\u00fcl\u00fc<br \/>\nortamda ger\u00e7ekle\u015ftirdik. Komisyonumuzun ba\u015fkanl\u0131\u011f\u0131n\u0131 kuruldu\u011fu g\u00fcnden beri \u0130rfan Yara\u015f\u0131r<br \/>\ny\u00fcr\u00fctmektedir. Ba\u015fta 11 ki\u015fi ile \u00e7al\u0131\u015fmalara ba\u015flad\u0131k. Sonra 10\u2019a, daha sonra ise 7\u2019ye kadar d\u00fc\u015ft\u00fc<br \/>\nsay\u0131m\u0131z. Bu yaz\u0131 yaz\u0131ld\u0131\u011f\u0131 s\u0131ralarda komisyonumuzun \u00fcye say\u0131s\u0131 bir ki\u015finin daha kat\u0131l\u0131m\u0131yla 8 oldu. Bu<br \/>\nisimler: \u0130rfan Yara\u015f\u0131r, Nihat Bak\u0131\u015f, Metin \u00c7apar, Dilek Bak\u0131\u015f, G\u00fclg\u00fcn Ercan, Handan Oru\u00e7, Necmettin<br \/>\nBak\u0131\u015f ve \u0130brahim Beyik\u2019ten olu\u015fmaktad\u0131r. \u00dcyelerimizin tamam\u0131 g\u00f6n\u00fcll\u00fc olarak kat\u0131ld\u0131lar komisyona<br \/>\nve g\u00f6n\u00fcll\u00fc olarak destek veriyorlar \u00e7al\u0131\u015fmalara.<br \/>\nDilerseniz ilkin ekolojinin ne oldu\u011funu k\u0131saca bir hat\u0131rlayal\u0131m; d\u00fcnyadaki t\u00fcm canl\u0131lar\u0131n<br \/>\nbirbirleri ile ve \u00e7evreleri ile olan ili\u015fkilerini inceleyen bilim dal\u0131d\u0131r ekoloji. Amac\u0131, canl\u0131lar\u0131n uygun<br \/>\nortam ve ko\u015fullar i\u00e7erisinde ya\u015fayabilmelerini sa\u011flamakt\u0131r. Ekoloji bilimi, akarsulardan yeralt\u0131<br \/>\nsular\u0131na, k\u0131talardan okyanuslara kadar t\u00fcm \u00e7evre ko\u015fullar\u0131n\u0131 ve canl\u0131lar\u0131 inceler. K\u0131sacas\u0131 canl\u0131<br \/>\nya\u015fam\u0131n oldu\u011fu her yer, ekolojinin alan\u0131na girer.<br \/>\nKomisyonumuzu, ekolojik bilincin olu\u015fmas\u0131 i\u00e7in elimizden geldi\u011fince bir fark\u0131ndal\u0131k<br \/>\nyaratmak, do\u011fam\u0131z\u0131 korumak ve de\u011fer katarak gelece\u011fe haz\u0131rlamak i\u00e7in g\u00f6n\u00fcll\u00fcl\u00fck esas\u0131na g\u00f6re<br \/>\nkurduk. Ba\u015flarda, Tar\u0131m Komisyonuyla birlikte yol almas\u0131 y\u00f6n\u00fcnde bir g\u00f6r\u00fc\u015f atsak da ortaya, Tar\u0131m<\/p>\n<p>Komisyonu ba\u015fkan\u0131 Veteriner Hekim Orhan Budak\u2019\u0131n ekolojinin \u00f6nemine binaen yapt\u0131\u011f\u0131 etkileyici ve<br \/>\nikna edici konu\u015fmalar\u0131ndan sonra tek ba\u015f\u0131na bir komisyon olarak yoluna devam etmesi gerekti\u011fi<br \/>\ny\u00f6n\u00fcnde karar almam\u0131za yetti. Elimizden geldi\u011fince fiilen \u00e7al\u0131\u015farak ya da ara\u015ft\u0131rmalar yaparak, kamu<br \/>\nkurumlar\u0131 ve \u00f6zel te\u015febb\u00fcslerden de destek alarak k\u00f6y\u00fcm\u00fcz\u00fcn yarar\u0131na \u00e7al\u0131\u015fmalar y\u00fcr\u00fctmektir t\u00fcm<br \/>\n\u00e7abam\u0131z.<br \/>\nEkolojik bilincin olu\u015fmas\u0131, do\u011fan\u0131n korunmas\u0131 ve gelece\u011fe haz\u0131rlanmas\u0131 hi\u00e7 de kolay bir i\u015f<br \/>\nde\u011fil takdir edersiniz ki. Dolay\u0131s\u0131yla \u00fcstlendi\u011fimiz g\u00f6rev de bu anlamda hi\u00e7 de kolay bir g\u00f6rev de\u011fil.<br \/>\nVar olan do\u011fal varl\u0131klar\u0131m\u0131z\u0131n korunmas\u0131 gerekiyor ilk \u00f6nce. Sular, ormanlar, ku\u015flar, b\u00f6rt\u00fc b\u00f6cek vs.<br \/>\nhepsi birden do\u011fal varl\u0131klar\u0131m\u0131zd\u0131r ve hepsi de ekosistemin birer par\u00e7alar\u0131 say\u0131l\u0131rlar. \u0130nsanlar\u0131n s\u00fcrekli<br \/>\nya\u015fad\u0131klar\u0131 ve di\u011fer canl\u0131larla kar\u015f\u0131l\u0131kl\u0131 olarak etkile\u015fim i\u00e7inde bulunduklar\u0131, da\u011flar, ovalar, \u00e7ay\u0131rlar,<br \/>\normanlar, g\u00f6ller, denizler ve \u0131rmaklar\u0131n bulundu\u011fu \u00e7evreye do\u011fal \u00e7evre diyoruz. Do\u011fa, kendini<br \/>\nyenileyen ve temizleyen bir g\u00fczelli\u011fe sahipken, \u00e7evre kirlili\u011fi do\u011fam\u0131z\u0131n g\u00fczelliklerini yok ediyor<br \/>\ns\u00fcrekli. K\u00f6y\u00fcm\u00fczde ve yak\u0131n \u00e7evresinde herhangi bir sanayi tesisi olmad\u0131\u011f\u0131 i\u00e7in \u015fansl\u0131 say\u0131l\u0131r\u0131z. Ancak<br \/>\n\u00e7evre kirlili\u011fi ad\u0131na hi\u00e7bir risk ta\u015f\u0131mad\u0131\u011f\u0131 anlam\u0131na da gelmez. K\u00f6y\u00fcm\u00fczde kanalizasyon sisteminin<br \/>\nolmamas\u0131 ba\u015fl\u0131 ba\u015f\u0131na bir \u00e7evre sorunudur. Haftada bir evsel at\u0131klar topland\u0131\u011f\u0131 halde, yol kenarlar\u0131<br \/>\nve dere yataklar\u0131 \u00e7\u00f6p ve at\u0131klarla dolu. Yol kenarlar\u0131nda \u00e7ok\u00e7a rastlanan cam at\u0131klar mercek etkisi<br \/>\nyaratarak yang\u0131nlara sebebiyet verme riski var ortada ne yaz\u0131k ki. T\u00fcm bunlar \u00e7evre kirlili\u011fi ve sorunu<br \/>\nolu\u015fturabilecek fakt\u00f6rler olarak duruyor \u00f6n\u00fcm\u00fczde.<br \/>\n\u00c7evre kirlili\u011fi, do\u011fal \u00e7evrenin do\u011fal olmayan yollarla ve insan eliyle bozulmas\u0131d\u0131r. \u00c7evre<br \/>\nkirlili\u011fini \u00f6nlemenin en iyi yollar\u0131ndan biri de geri d\u00f6n\u00fc\u015f\u00fcmd\u00fcr. Geri d\u00f6n\u00fc\u015f\u00fcm, kullan\u0131m d\u0131\u015f\u0131 kalan<br \/>\ngeri d\u00f6n\u00fc\u015ft\u00fcr\u00fclebilir at\u0131k malzemelerin \u00e7e\u015fitli geri d\u00f6n\u00fc\u015f\u00fcm y\u00f6ntemleri ile ham madde olarak tekrar<br \/>\nimalat s\u00fcre\u00e7lerine kazand\u0131r\u0131lmas\u0131d\u0131r. Her zaman, her yerde ve herkesi geri d\u00f6n\u00fc\u015f\u00fcme \u00f6zendirmemiz<br \/>\nlaz\u0131m bu y\u00fczden.<br \/>\nK\u00fcresel \u0131s\u0131nma ve hidroelektrik santralleri y\u00fcz\u00fcnden b\u00f6lgemizin genel iklim karakteri ne<br \/>\nyaz\u0131k ki de\u011fi\u015fim i\u00e7ine girmi\u015ftir. Kar ya\u011f\u0131\u015f\u0131 azalm\u0131\u015f ve ya\u011f\u0131\u015f rejimi tamam\u0131yla de\u011fi\u015fmi\u015f durumda.<br \/>\nYa\u011f\u0131\u015flar\u0131n azalmas\u0131 neticesinde k\u00f6y\u00fcm\u00fczde kurakl\u0131k sorunu her ge\u00e7en sene artarak devam<br \/>\netmektedir. \u0130\u00e7me suyu ba\u015fta olmak \u00fczere do\u011fal akar\u0131 olan bir\u00e7ok su kayna\u011f\u0131 her yaz kurumaktad\u0131r.<br \/>\nHer sene haziran ay\u0131n\u0131n sonlar\u0131na do\u011fru t\u00fcm dereler ve c\u0131l\u0131z da olsa akan p\u0131narlar da \u00f6yle. Gerek<br \/>\nyaban hayat\u0131 ve gerekse evcil hayvanlar durumdan olduk\u00e7a etkilenmektedir. Var olan su kaynaklar\u0131n\u0131<br \/>\nkoruma alt\u0131na almazsak, su t\u00fcketimi bilincini artt\u0131rmazsak yak\u0131n bir gelecekte su fakiri bir k\u00f6y<br \/>\nolmam\u0131z hi\u00e7 de uzak bir ihtimal gibi durmuyor art\u0131k. Tar\u0131ma olan ilgi her ge\u00e7en sene azald\u0131\u011f\u0131 i\u00e7in<br \/>\nekosistem de\u011fi\u015fim i\u00e7ine girmi\u015ftir. Tarlalar ekilmedi\u011finden bir\u00e7ok ku\u015f t\u00fcr\u00fc b\u00f6lgemizi terk etmi\u015f<br \/>\ndurumda. T\u00fcm bu emareler tehlikenin kap\u0131da oldu\u011funu g\u00f6steriyor bize.<br \/>\nBu tespitlerden sonra Ekoloji Komisyonu olarak neler yapt\u0131k bug\u00fcne dek, hep beraber bir g\u00f6z<br \/>\natal\u0131m \u00e7al\u0131\u015fmalar\u0131m\u0131za isterseniz:<br \/>\n1 &#8211; Yabani ve evcil hayvanlar rahat su i\u00e7ebilsinler diye, komisyon ba\u015fkan\u0131m\u0131z \u0130rfan Yara\u015f\u0131r ve<br \/>\nMustafa Yara\u015f\u0131r\u2019\u0131n ki\u015fisel \u00e7abalar\u0131yla yabanda g\u00f6rd\u00fckleri su kayna\u011f\u0131na yak\u0131n kayay\u0131 oyup suya eri\u015fim<br \/>\nimk\u00e2n\u0131 sa\u011flad\u0131lar. Arazide benzer \u00e7al\u0131\u015fmalar\u0131 \u00e7o\u011faltmay\u0131 hedefliyoruz.<\/p>\n<p><img loading=\"lazy\" decoding=\"async\" class=\"wp-image-9081 alignleft\" src=\"https:\/\/avruparicik.com\/wp-content\/uploads\/2025\/08\/1-300x227.jpg\" alt=\"\" width=\"810\" height=\"613\" srcset=\"https:\/\/avruparicik.com\/wp-content\/uploads\/2025\/08\/1-300x227.jpg 300w, https:\/\/avruparicik.com\/wp-content\/uploads\/2025\/08\/1.jpg 493w\" sizes=\"auto, (max-width: 810px) 100vw, 810px\" \/><\/p>\n<p style=\"text-align: left;\">2 &#8211; 2023 Sonbahar\u0131nda korunakl\u0131 mezarl\u0131klar\u0131n kenarlar\u0131na k\u00f6yl\u00fclerimizle beraber badem ve<br \/>\npalamut ektik. Bademlerin \u00e7o\u011fu, palamutlar\u0131n ise az\u0131 kendili\u011finden ye\u015ferdi. Bu y\u00f6ntemi daha da<br \/>\n\u00e7o\u011faltmay\u0131 hedefliyoruz. Yaz aylar\u0131nda su da verebilirsek, bu \u015fekilde a\u011fa\u00e7land\u0131rma projesini daha da<br \/>\nb\u00fcy\u00fctebiliriz.<\/p>\n<p><img loading=\"lazy\" decoding=\"async\" class=\"wp-image-9082 alignleft\" src=\"https:\/\/avruparicik.com\/wp-content\/uploads\/2025\/08\/2-300x140.jpg\" alt=\"\" width=\"848\" height=\"396\" \/><\/p>\n<p style=\"text-align: left;\">3 &#8211; K\u0131ra\u00e7 de\u011fil, ye\u015fil yak\u0131\u015f\u0131r R\u00ee\u00e7ik\u2019e! dedik ve hemen bir kampanya ba\u015flatt\u0131k. K\u00f6y\u00fcm\u00fcz\u00fcn \u00e7\u0131plak<br \/>\ntepesinde, yakla\u015f\u0131k 6 d\u00f6n\u00fcml\u00fck alan\u0131 a\u011fa\u00e7land\u0131rd\u0131k ve etraf\u0131n\u0131 tel \u00f6rg\u00fc ile korunakl\u0131 hale getirdik.<br \/>\nDamlama sistemi ile fidanlara su vermeye ba\u015flad\u0131k. T\u00fcm bu \u00e7al\u0131\u015fmalar i\u00e7in tamam\u0131 ba\u011f\u0131\u015flarla elde<br \/>\netti\u011fimiz 110.350 TL. harcand\u0131. Eme\u011fi ge\u00e7en ve destek veren herkese te\u015fekk\u00fcr ederiz. R\u00ee\u00e7ik Do\u011fa,<br \/>\nBar\u0131\u015f ve K\u00fclt\u00fcr Etkinli\u011fi kapsam\u0131nda 1 Eyl\u00fcl 2024\u2019te fidanl\u0131\u011f\u0131m\u0131z\u0131n a\u00e7\u0131l\u0131\u015f\u0131n\u0131 ger\u00e7ekle\u015ftirdik. A\u00e7\u0131l\u0131\u015ftan<br \/>\n\u00f6nce fidanl\u0131k alan\u0131 i\u00e7indeki kaba otlar\u0131 temizledik. May\u0131s 2025\u2019te damlama sistemini elden ge\u00e7irdik<br \/>\nve fidanlar\u0131n diplerini temizledik.<\/p>\n<p><img loading=\"lazy\" decoding=\"async\" class=\"wp-image-9083 alignleft\" src=\"https:\/\/avruparicik.com\/wp-content\/uploads\/2025\/08\/3-300x136.jpg\" alt=\"\" width=\"821\" height=\"372\" srcset=\"https:\/\/avruparicik.com\/wp-content\/uploads\/2025\/08\/3-300x136.jpg 300w, https:\/\/avruparicik.com\/wp-content\/uploads\/2025\/08\/3-768x348.jpg 768w, https:\/\/avruparicik.com\/wp-content\/uploads\/2025\/08\/3.jpg 873w\" sizes=\"auto, (max-width: 821px) 100vw, 821px\" \/><\/p>\n<p style=\"text-align: left;\">4 \u2013 A\u011fustos 2024\u2019te K\u00f6y\u00fcm\u00fcz\u00fc bir u\u00e7tan bir uca t\u00fcm yol kenarlar\u0131n\u0131 ve dere yataklar\u0131n\u0131<br \/>\nk\u00f6yl\u00fclerimizle beraber temizledik. Yakla\u015f\u0131k 8 konteyner dolusu evsel at\u0131\u011f\u0131 geri d\u00f6n\u00fc\u015f\u00fcme<br \/>\nkazand\u0131rd\u0131k. Temmuz 2025\u2019te de ayn\u0131 \u00e7al\u0131\u015fmay\u0131 k\u00f6yl\u00fclerimizle beraber tekrarlad\u0131k. \u00c7al\u0131\u015fmaya kat\u0131lan<br \/>\nt\u00fcm do\u011faseverlere te\u015fekk\u00fcr ederiz. K\u00f6y\u00fcm\u00fcz\u00fcn hep temiz kalmas\u0131 i\u00e7in \u00e7aba sarf etmeye devam<br \/>\nedece\u011fiz.<\/p>\n<p><img loading=\"lazy\" decoding=\"async\" class=\"wp-image-9084 alignleft\" src=\"https:\/\/avruparicik.com\/wp-content\/uploads\/2025\/08\/4-300x165.jpg\" alt=\"\" width=\"853\" height=\"469\" srcset=\"https:\/\/avruparicik.com\/wp-content\/uploads\/2025\/08\/4-300x165.jpg 300w, https:\/\/avruparicik.com\/wp-content\/uploads\/2025\/08\/4-768x423.jpg 768w, https:\/\/avruparicik.com\/wp-content\/uploads\/2025\/08\/4.jpg 938w\" sizes=\"auto, (max-width: 853px) 100vw, 853px\" \/><\/p>\n<p>6 &#8211; 30-31 A\u011fustos \u2013 01 Eyl\u00fcl 2024\u2019te ger\u00e7ekle\u015ftirdi\u011fimiz R\u00ee\u00e7ik Do\u011fa, Bar\u0131\u015f ve K\u00fclt\u00fcr<br \/>\nEtkinli\u011fi\u2019nde Komisyonumuzun faaliyetlerini ve hedeflerini anlatan bir sunum ger\u00e7ekle\u015ftirdik.<br \/>\nKomisyon ba\u015fkan\u0131 \u0130rfan Yara\u015f\u0131r\u2019\u0131n anlat\u0131m\u0131yla ger\u00e7ekle\u015fen sunumda komisyonun yapt\u0131\u011f\u0131 t\u00fcm<br \/>\n\u00e7al\u0131\u015fmalar ve ileride yapmak istedikleri \u00e7al\u0131\u015fmalar t\u00fcm detaylar\u0131 ile anlat\u0131ld\u0131. \u00d6zellikle; \u201cBir a\u011fac\u0131n en<br \/>\ng\u00fczel meyvesi sa\u011flad\u0131\u011f\u0131 oksijendir!\u201d mottosu ak\u0131lda kalacak \u015fekilde vurguland\u0131.<\/p>\n<p><img loading=\"lazy\" decoding=\"async\" class=\"wp-image-9085 alignleft\" src=\"https:\/\/avruparicik.com\/wp-content\/uploads\/2025\/08\/5-300x229.jpg\" alt=\"\" width=\"857\" height=\"654\" srcset=\"https:\/\/avruparicik.com\/wp-content\/uploads\/2025\/08\/5-300x229.jpg 300w, https:\/\/avruparicik.com\/wp-content\/uploads\/2025\/08\/5.jpg 466w\" sizes=\"auto, (max-width: 857px) 100vw, 857px\" \/><\/p>\n<p>7 &#8211; M\u00earg\u00ea \u015eilur tabir edilen \u00e7ay\u0131rl\u0131k alanda y\u00fczeye yak\u0131n s\u0131z\u0131p giden su kaynaklar\u0131 \u0130rfan Yara\u015f\u0131r<br \/>\nve Mehmet Demirci\u2019nin ki\u015fisel \u00e7abalar\u0131yla olu\u015fturulan k\u00fc\u00e7\u00fck g\u00f6letlerde toplanarak hayvanlar i\u00e7in<br \/>\nsuya eri\u015fim imk\u00e2n\u0131 sa\u011fland\u0131.<\/p>\n<p><img loading=\"lazy\" decoding=\"async\" class=\"wp-image-9086 alignleft\" src=\"https:\/\/avruparicik.com\/wp-content\/uploads\/2025\/08\/6-295x300.jpg\" alt=\"\" width=\"843\" height=\"858\" srcset=\"https:\/\/avruparicik.com\/wp-content\/uploads\/2025\/08\/6-295x300.jpg 295w, https:\/\/avruparicik.com\/wp-content\/uploads\/2025\/08\/6.jpg 380w\" sizes=\"auto, (max-width: 843px) 100vw, 843px\" \/><\/p>\n<p>8 &#8211; Uzun zamand\u0131r \u00fczerinde durdu\u011fumuz, k\u00f6y\u00fcn i\u00e7me suyu \u015febekesinden ba\u011f\u0131ms\u0131z Kan\u00eeya<br \/>\nFer\u015fikan tabir edilen \u00e7e\u015fmenin bo\u015fa ak\u0131p giden suyunu mezarl\u0131klar\u0131n oldu\u011fu k\u00f6y\u00fcn tepesindeki<br \/>\ndepoya aktarma projemizi hayata ge\u00e7irdik. Bu proje, k\u00f6y\u00fcn k\u0131ra\u00e7 tepesinin ve mezarl\u0131k alanlar\u0131n<br \/>\na\u011fa\u00e7land\u0131r\u0131lmas\u0131 ve su verilmesi ad\u0131na en \u00f6nemli proje idi bizim i\u00e7in. Komisyon \u00fcyesi Nihat Bak\u0131\u015f ve<br \/>\nAvrupa Dersim R\u00ee\u00e7ikliler Derne\u011fi ba\u015fkan\u0131 Zeynel Selami\u2019nin \u00f6zel \u00e7abalar\u0131 ve destekleri sayesinde<br \/>\nsa\u011flanan finansman ve \u0130rfan Yara\u015f\u0131r\u2019\u0131n inan\u0131lmaz \u00e7abalar\u0131 ile ve k\u00f6yl\u00fclerimizin b\u00fcy\u00fck emekleri<br \/>\nsayesinde hayata ge\u00e7irildi. Hem k\u00f6y\u00fcn i\u00e7me suyuna hi\u00e7 dokunmadan hem de k\u00f6y\u00fcn i\u00e7me suyunu<br \/>\ndepoya pompalayan enerjiye hi\u00e7 dokunmadan, kendi dinamiklerimizle kotard\u0131k bu i\u015fi. Bu proje<br \/>\nsayesinde 5 tonluk plastik depoda toplanan su, g\u00fcne\u015f panellerinden elde edilen enerji ile mezarl\u0131k<br \/>\nb\u00f6lgesindeki 5 tonluk depoya aktar\u0131ld\u0131ktan sonra, gerek fidanl\u0131\u011fa ve gerekse mezarl\u0131klarda dikilen<br \/>\nfidanlara art\u0131k \u00e7ok kolay su verilebilecek. G\u00fcnd\u00fczleri k\u00f6y\u00fcn i\u00e7me suyunun tepeye pompalanmas\u0131 i\u00e7in<br \/>\nde faydalan\u0131labilecek \u00fcstelik. Bu projeyi daha iyi anlamak i\u00e7in ad\u0131m ad\u0131m gidelim isterseniz:<br \/>\nA) S\u00f6z konusu kayna\u011f\u0131n oldu\u011fu yere ilk \u00f6nce i\u015f makinesi ile yol yap\u0131ld\u0131.<br \/>\nB) 5 tonluk plastik depo i\u00e7in \u00e7ukur a\u00e7\u0131ld\u0131.<\/p>\n<p>&nbsp;<\/p>\n<p>C) \u00c7ukurun etraf\u0131na briket ile duvar \u00f6r\u00fcld\u00fc.<br \/>\nD) G\u00fcne\u015f panellerinin montaji i\u00e7in 100 m\u00b2\u2019lik d\u00fcz bir alan olu\u015fturuldu.<br \/>\nE) Her biri 630 watt\u2019l\u0131k 14 adet 246.5X113.5 cm. ebatlar\u0131nda g\u00fcne\u015f panelleri monte edildi.<br \/>\nF) Depo ve g\u00fcne\u015f panellerinin etraf\u0131na tel \u00f6rg\u00fc \u00e7ekildi.<br \/>\nG) Tahliye suyunun \u00f6n\u00fcne hayvanlar rahat su i\u00e7ebilsin diye betondan bir de yalak yap\u0131lacak<br \/>\ndaha sonra.<br \/>\nK\u0131s\u0131tl\u0131 b\u00fct\u00e7emizden dolay\u0131 kurdu\u011fumuz g\u00fcne\u015f panelleri sadece g\u00fcnd\u00fczleri enerji<br \/>\nsa\u011flayabiliyor. Mevcut i\u00e7me suyunu yukar\u0131 pompalayan enerji sistemi devre d\u0131\u015f\u0131 kald\u0131\u011f\u0131nda 4 kw\u2019l\u0131k<br \/>\nbir g\u00fc\u00e7 ile g\u00fcnd\u00fczleri k\u00f6y\u00fcn i\u00e7me suyunu da pompalayabilecek \u015fekilde kurulumu yap\u0131ld\u0131. Benzer<br \/>\n\u015fekilde paneller devre d\u0131\u015f\u0131 kald\u0131\u011f\u0131nda ise mevcut elektrik sistemi bu kez devreye girerek panellerin<br \/>\ng\u00f6rd\u00fc\u011f\u00fc i\u015fi g\u00f6r\u00fcyor. Sistem bu \u015fekilde \u00e7al\u0131\u015f\u0131yor \u015fimdilik.<br \/>\nT\u00fcm bu \u00e7al\u0131\u015fmalar\u0131n neticesinde, suyun k\u00f6y\u00fcn tepesindeki depoya pompalama i\u015fi ba\u015far\u0131yla<br \/>\ntest edildi ve sonu\u00e7 al\u0131nd\u0131. Bu projede i\u015f makinesi, nakliye, i\u015f\u00e7ilik, malzeme, duvar, g\u00fcne\u015f panelleri<br \/>\nvs. dahil toplam; 4.000 \u20ac harcand\u0131. Finansman\u0131n tamam\u0131 Avrupa Dersim R\u00ee\u00e7ikliler Derne\u011fi arac\u0131l\u0131\u011f\u0131yla<br \/>\nsa\u011fland\u0131. Emek harcayan, destek olan herkese bir kez daha sonsuz te\u015fekk\u00fcrler. B\u00f6ylece k\u00f6y\u00fcm\u00fcz\u00fcn<br \/>\nk\u0131ra\u00e7 y\u00fcz\u00fcne su kayg\u0131s\u0131 olmadan daha kolay bir \u015fekilde fidan dikmemiz i\u00e7in bir imk\u00e2n var \u00f6n\u00fcm\u00fczde<br \/>\nart\u0131k. Bu g\u00fczel projeyi hayata ge\u00e7irdi\u011fimiz i\u00e7in k\u00f6y\u00fcm\u00fcz ad\u0131na \u00e7ok mutluyum do\u011frusu.<\/p>\n<p><img loading=\"lazy\" decoding=\"async\" class=\"wp-image-9087 alignleft\" src=\"https:\/\/avruparicik.com\/wp-content\/uploads\/2025\/08\/7-300x122.jpg\" alt=\"\" width=\"865\" height=\"352\" srcset=\"https:\/\/avruparicik.com\/wp-content\/uploads\/2025\/08\/7-300x122.jpg 300w, https:\/\/avruparicik.com\/wp-content\/uploads\/2025\/08\/7-768x313.jpg 768w, https:\/\/avruparicik.com\/wp-content\/uploads\/2025\/08\/7.jpg 849w\" sizes=\"auto, (max-width: 865px) 100vw, 865px\" \/><\/p>\n<p>Buraya kadar anlatt\u0131klar\u0131m komisyon olarak \u015fimdiye dek ger\u00e7ekle\u015ftirdi\u011fimiz faaliyetler. Bir<br \/>\nde yapmak istediklerimiz var. Onlar\u0131 da \u015f\u00f6yle s\u0131ralayabilirim:<br \/>\n1 &#8211; K\u00f6y\u00fcm\u00fcz\u00fcn kuzeyinde ve kuzeybat\u0131s\u0131nda yer alan geni\u015f\u00e7e \u00e7\u0131plak araziyi her sene par\u00e7a<br \/>\npar\u00e7a da olsa a\u011fa\u00e7land\u0131rmak istiyoruz. Bu vesile ile t\u00fcm R\u00ee\u00e7ik g\u00f6n\u00fcll\u00fcleri ve do\u011fa dostlar\u0131na bir<br \/>\n\u00e7a\u011fr\u0131m\u0131z olsun; gelin destek verin ve k\u00f6y\u00fcm\u00fcz\u00fcn \u00e7evresindeki bu sevimsiz ve k\u0131ra\u00e7 araziyi hep<br \/>\nberaber ve elbirli\u011fi ile a\u011fa\u00e7land\u0131ral\u0131m!..<\/p>\n<p><img loading=\"lazy\" decoding=\"async\" class=\"wp-image-9088 alignleft\" src=\"https:\/\/avruparicik.com\/wp-content\/uploads\/2025\/08\/9-300x210.jpg\" alt=\"\" width=\"892\" height=\"625\" srcset=\"https:\/\/avruparicik.com\/wp-content\/uploads\/2025\/08\/9-300x210.jpg 300w, https:\/\/avruparicik.com\/wp-content\/uploads\/2025\/08\/9.jpg 484w\" sizes=\"auto, (max-width: 892px) 100vw, 892px\" \/><\/p>\n<p>2 &#8211; \u201cSenin de R\u00ee\u00e7ik\u2019te bir dikili a\u011fac\u0131n olsun!\u201d mottosuyla bir kampanya ba\u015flatmak istiyoruz.<br \/>\nMevcut fidanl\u0131kta kuruyan fidanlar\u0131n yerine en az 1,5\u20132 m. boyunda daha yeti\u015fkin fidanlar dikerek<br \/>\nfidanl\u0131\u011f\u0131m\u0131z\u0131 canland\u0131rmak istiyoruz. Kampanyaya kat\u0131lmak isteyen kimin ad\u0131na a\u011fa\u00e7 dikecekse onun<br \/>\nad\u0131na d\u00fczenlenmi\u015f bir k\u00fcnye ya da k\u00fc\u00e7\u00fck bir tabela ile beraber a\u011fac\u0131n\u0131 dikebilecek. Bu kampanyan\u0131n<br \/>\nformat\u0131 ve bedeli konusunda bilgilendirme yap\u0131lacak.<br \/>\n3 &#8211; Arazide tespit etti\u011fimiz yakla\u015f\u0131k 6\u20137 noktaya, y\u0131llara yayarak \u00e7e\u015fme yapt\u0131rmay\u0131<br \/>\nplanl\u0131yoruz. Bu konuda istekli g\u00f6r\u00fcnen ki\u015fi, aile ya da kurumlarla g\u00f6r\u00fc\u015f\u00fcp i\u00e7ilebilir temiz su<br \/>\nkaynaklar\u0131n\u0131 ya\u015fama kazand\u0131rmak istiyoruz.<br \/>\n4 &#8211; Yazlar\u0131 kuruyan derelerin belli yerlerinde kamu deste\u011fi ile setler yap\u0131p, g\u00f6letler<br \/>\nolu\u015fturarak yaban hayat\u0131 ve evcil hayvanlar i\u00e7in su toplamak istiyoruz.<br \/>\n5 &#8211; Her sene daha \u00e7ok a\u011fa\u00e7 dikmek istiyoruz. Sonbaharda badem ve palamut ekerek,<br \/>\nilkbaharda fidan dikerek bu i\u015fi s\u00fcrd\u00fcrme niyetindeyiz. Yabanda g\u00f6rd\u00fc\u011f\u00fcm\u00fcz her a\u011fac\u0131n budanmas\u0131<br \/>\ni\u00e7in \u00e7al\u0131\u015fmalar ba\u015flataca\u011f\u0131z. A\u015f\u0131lanabilir a\u011fa\u00e7lar\u0131 a\u015f\u0131lay\u0131p verimli hale getirmek istiyoruz.<br \/>\nSonu\u00e7 olarak, Komisyonumuz yerel, ulusal ve uluslararas\u0131 ekolojik faaliyetler y\u00fcr\u00fcten ger\u00e7ek<br \/>\nve t\u00fczel ki\u015filerle i\u015fbirli\u011fi yapmaya a\u00e7\u0131k bir yap\u0131ya sahiptir. Bu vesile ile t\u00fcm kurum ve \u00f6zel<br \/>\nte\u015febb\u00fcslerle birlikte sorumluluk almaya her zaman haz\u0131rd\u0131r. G\u00fcn\u00fcn sonunda temiz ve ye\u015fil bir<br \/>\nd\u00fcnya, temiz ve ye\u015fil bir R\u00ee\u00e7ik g\u00f6rmek istiyoruz. Do\u011fam\u0131z\u0131 korumak, de\u011fer katmak ve gelece\u011fe<br \/>\nhaz\u0131rlamak i\u00e7in elimizden gelen t\u00fcm gayreti g\u00f6stermeye \u00e7al\u0131\u015faca\u011f\u0131z. \u00c7evre bilincinin olu\u015fmas\u0131 i\u00e7in<br \/>\nm\u00fccadele edece\u011fiz. Daha \u00e7ok a\u011fa\u00e7 dikece\u011fiz. Daha \u00e7ok kedi ve k\u00f6pe\u011fin karn\u0131n\u0131 doyuraca\u011f\u0131z. Tabiatla<br \/>\nkarde\u015f olmaya devam edece\u011fiz. Su t\u00fcketimi bilincinin artmas\u0131 i\u00e7in daha \u00e7ok \u00e7abalayaca\u011f\u0131z. Ka\u00e7ak<br \/>\navc\u0131lara, endemik bitkileri k\u00f6k\u00fcnden s\u00f6k\u00fcp g\u00f6t\u00fcrenlere g\u00f6z a\u00e7t\u0131rmayaca\u011f\u0131z. At\u0131klar\u0131n rast gele<br \/>\nat\u0131lmas\u0131na asla izin vermeyece\u011fiz! Yerelden evrensele ekolojik bilincin artmas\u0131 i\u00e7in hep bir \u00e7aba<br \/>\ni\u00e7inde olmaya devam edece\u011fiz. Gelecek ku\u015faklara s\u00f6z\u00fcm\u00fcz olsun!..<br \/>\nSayg\u0131lar\u0131m\u0131zla\u2026<br \/>\nR\u00ee\u00e7ik Ekoloji Komisyonu ad\u0131na; \u0130brahim Beyik<br \/>\n17 A\u011fustos 2025<\/p>\n","protected":false},"excerpt":{"rendered":"<p>R\u00ee\u00e7ik Ekoloji Komisyonu \u00c7al\u0131\u015fma Raporu Her R\u00ee\u00e7ikli ve R\u00ee\u00e7ik\u2019e g\u00f6n\u00fcl vermi\u015f her insan, mevzubahis R\u00ee\u00e7ik olunca fedak\u00e2rl\u0131ktan ka\u00e7\u0131nmaz hi\u00e7bir zaman. G\u00f6rev sayar kendine R\u00ee\u00e7ik i\u00e7in \u00e7al\u0131\u015fmay\u0131 ve R\u00ee\u00e7ik i\u00e7in fedak\u00e2rl\u0131kta bulunmay\u0131. A\u011fustos 2023\u2019ten bu yana k\u00f6y\u00fcm\u00fcz ile ilgili hayli kafa yorduk bug\u00fcne dek hi\u00e7 olmad\u0131\u011f\u0131 kadar. S\u00f6ylenebilecek s\u00f6zlerin belki de tamam\u0131 s\u00f6ylendi. Yap\u0131labilecek pratikler ise &hellip;<\/p>\n","protected":false},"author":6,"featured_media":9083,"comment_status":"open","ping_status":"open","sticky":false,"template":"","format":"standard","meta":{"footnotes":""},"categories":[113,32],"tags":[],"class_list":["post-9080","post","type-post","status-publish","format-standard","has-post-thumbnail","hentry","category-guncel","category-ricik-haberler"],"_links":{"self":[{"href":"https:\/\/avruparicik.com\/index.php?rest_route=\/wp\/v2\/posts\/9080","targetHints":{"allow":["GET"]}}],"collection":[{"href":"https:\/\/avruparicik.com\/index.php?rest_route=\/wp\/v2\/posts"}],"about":[{"href":"https:\/\/avruparicik.com\/index.php?rest_route=\/wp\/v2\/types\/post"}],"author":[{"embeddable":true,"href":"https:\/\/avruparicik.com\/index.php?rest_route=\/wp\/v2\/users\/6"}],"replies":[{"embeddable":true,"href":"https:\/\/avruparicik.com\/index.php?rest_route=%2Fwp%2Fv2%2Fcomments&post=9080"}],"version-history":[{"count":1,"href":"https:\/\/avruparicik.com\/index.php?rest_route=\/wp\/v2\/posts\/9080\/revisions"}],"predecessor-version":[{"id":9089,"href":"https:\/\/avruparicik.com\/index.php?rest_route=\/wp\/v2\/posts\/9080\/revisions\/9089"}],"wp:featuredmedia":[{"embeddable":true,"href":"https:\/\/avruparicik.com\/index.php?rest_route=\/wp\/v2\/media\/9083"}],"wp:attachment":[{"href":"https:\/\/avruparicik.com\/index.php?rest_route=%2Fwp%2Fv2%2Fmedia&parent=9080"}],"wp:term":[{"taxonomy":"category","embeddable":true,"href":"https:\/\/avruparicik.com\/index.php?rest_route=%2Fwp%2Fv2%2Fcategories&post=9080"},{"taxonomy":"post_tag","embeddable":true,"href":"https:\/\/avruparicik.com\/index.php?rest_route=%2Fwp%2Fv2%2Ftags&post=9080"}],"curies":[{"name":"wp","href":"https:\/\/api.w.org\/{rel}","templated":true}]}}