{"id":9091,"date":"2026-01-06T19:06:18","date_gmt":"2026-01-06T16:06:18","guid":{"rendered":"https:\/\/avruparicik.com\/?p=9091"},"modified":"2026-01-07T12:41:08","modified_gmt":"2026-01-07T09:41:08","slug":"kamuoyuna-duyuru-avrupa-dersim-ricikliler-derneginin-3-olagan-genel-kongresi-26-12-2025-tarihinde-troisdorfta-bulunan-alevitisches-kulturzentrumda-gerceklestirilmistir-s","status":"publish","type":"post","link":"https:\/\/avruparicik.com\/?p=9091","title":{"rendered":"Avrupa Dersim Ri\u00e7ikliler Derne\u011fi\u2019nin 3. Ola\u011fan Genel Kongresi, 26.12.2025"},"content":{"rendered":"<div><\/div>\n<div><img loading=\"lazy\" decoding=\"async\" class=\"wp-image-9092 aligncenter\" src=\"https:\/\/avruparicik.com\/wp-content\/uploads\/2026\/01\/Yonetim-2-300x214.jpg\" alt=\"\" width=\"647\" height=\"462\" srcset=\"https:\/\/avruparicik.com\/wp-content\/uploads\/2026\/01\/Yonetim-2-300x214.jpg 300w, https:\/\/avruparicik.com\/wp-content\/uploads\/2026\/01\/Yonetim-2.jpg 700w\" sizes=\"auto, (max-width: 647px) 100vw, 647px\" \/><\/div>\n<div><\/div>\n<div>\n<p style=\"text-align: center;\">KAMUOYUNA DUYURU<\/p>\n<p>Avrupa Dersim Ri\u00e7ikliler Derne\u011fi\u2019nin 3. Ola\u011fan Genel Kongresi, 26.12.2025 tarihinde Troisdorf\u2019ta bulunan Alevitisches Kulturzentrum\u2019da ger\u00e7ekle\u015ftirilmi\u015ftir. S\u00f6z konusu genel kongrede yap\u0131lan se\u00e7imler sonucunda, derne\u011fin yeni y\u00f6netim kurulu \u00fcyeleri oy \u00e7oklu\u011fu ile belirlenmi\u015ftir.<\/p>\n<p>Genel Kurul karar\u0131 do\u011frultusunda Avrupa Dersim Ri\u00e7ikliler Derne\u011fi\u2019nin yeni y\u00f6netim kurulu a\u015fa\u011f\u0131daki isimlerden olu\u015fmu\u015ftur:<br \/>\n\u2022 Ali Bak\u0131\u015f<br \/>\n\u2022 Y\u0131ld\u0131z K\u00f6se<br \/>\n\u2022 Atakan Can Narin<br \/>\n\u2022 Sevin\u00e7 \u00c7etin<br \/>\n\u2022 Nazime Tekin<br \/>\n\u2022 \u00d6nder Elald\u0131<br \/>\n\u2022 Dilek Yavuz<\/p>\n<p>Yeni se\u00e7ilen y\u00f6netim kurulu, 04.01.2026 tarihinde ger\u00e7ekle\u015ftirdi\u011fi ilk toplant\u0131s\u0131nda g\u00f6rev da\u011f\u0131l\u0131m\u0131n\u0131 yapm\u0131\u015ft\u0131r. Yap\u0131lan oylama sonucunda;<br \/>\n\u2022 Dernek Ba\u015fkanl\u0131\u011f\u0131na: Ali Bak\u0131\u015f<br \/>\n\u2022 Ba\u015fkan Yard\u0131mc\u0131l\u0131\u011f\u0131na (\u0130kinci Ba\u015fkan): Nazime Tekin<br \/>\n\u2022 Muhasebe ve Mali \u0130\u015fler Sorumlulu\u011funa: Atakan Can Narin se\u00e7ilmi\u015ftir.<\/p>\n<p>Denetim Kurulu a\u015fa\u011f\u0131daki isimlerden olu\u015fmaktad\u0131r:<br \/>\n\u2022 Nihat Bak\u0131\u015f<br \/>\n\u2022 Yavuz \u00c7etin<br \/>\n\u2022 Tar\u0131k Akdo\u011fan<\/p>\n<p>Yeni y\u00f6netim kurulumuz; dayan\u0131\u015fma ruhunu g\u00fc\u00e7lendirmeyi, derne\u011fimizin bug\u00fcne kadar elde etti\u011fi kazan\u0131mlar\u0131 daha ileriye ta\u015f\u0131may\u0131 ve bu ba\u015far\u0131lar\u0131 kal\u0131c\u0131 hale getirmeyi temel hedef olarak benimsemi\u015ftir. \u00dcyelerimizin deste\u011finden ald\u0131\u011f\u0131 g\u00fc\u00e7le, derne\u011fimizi daha aktif, daha \u00fcretken ve daha g\u00fc\u00e7l\u00fc bir gelece\u011fe ta\u015f\u0131mak i\u00e7in kararl\u0131l\u0131kla \u00e7al\u0131\u015fmaya devam edecektir.<\/p>\n<p>Kamuoyuna sayg\u0131yla duyurulur.<\/p>\n<\/div>\n<div>Avrupa Dersim Ri\u00e7ikliler Derne\u011fi<\/div>\n","protected":false},"excerpt":{"rendered":"<p>KAMUOYUNA DUYURU Avrupa Dersim Ri\u00e7ikliler Derne\u011fi\u2019nin 3. Ola\u011fan Genel Kongresi, 26.12.2025 tarihinde Troisdorf\u2019ta bulunan Alevitisches Kulturzentrum\u2019da ger\u00e7ekle\u015ftirilmi\u015ftir. S\u00f6z konusu genel kongrede yap\u0131lan se\u00e7imler sonucunda, derne\u011fin yeni y\u00f6netim kurulu \u00fcyeleri oy \u00e7oklu\u011fu ile belirlenmi\u015ftir. Genel Kurul karar\u0131 do\u011frultusunda Avrupa Dersim Ri\u00e7ikliler Derne\u011fi\u2019nin yeni y\u00f6netim kurulu a\u015fa\u011f\u0131daki isimlerden olu\u015fmu\u015ftur: \u2022 Ali Bak\u0131\u015f \u2022 Y\u0131ld\u0131z K\u00f6se \u2022 Atakan &hellip;<\/p>\n","protected":false},"author":6,"featured_media":9097,"comment_status":"open","ping_status":"open","sticky":false,"template":"","format":"standard","meta":{"footnotes":""},"categories":[110,113],"tags":[],"class_list":["post-9091","post","type-post","status-publish","format-standard","has-post-thumbnail","hentry","category-arsiv","category-guncel"],"_links":{"self":[{"href":"https:\/\/avruparicik.com\/index.php?rest_route=\/wp\/v2\/posts\/9091","targetHints":{"allow":["GET"]}}],"collection":[{"href":"https:\/\/avruparicik.com\/index.php?rest_route=\/wp\/v2\/posts"}],"about":[{"href":"https:\/\/avruparicik.com\/index.php?rest_route=\/wp\/v2\/types\/post"}],"author":[{"embeddable":true,"href":"https:\/\/avruparicik.com\/index.php?rest_route=\/wp\/v2\/users\/6"}],"replies":[{"embeddable":true,"href":"https:\/\/avruparicik.com\/index.php?rest_route=%2Fwp%2Fv2%2Fcomments&post=9091"}],"version-history":[{"count":7,"href":"https:\/\/avruparicik.com\/index.php?rest_route=\/wp\/v2\/posts\/9091\/revisions"}],"predecessor-version":[{"id":9139,"href":"https:\/\/avruparicik.com\/index.php?rest_route=\/wp\/v2\/posts\/9091\/revisions\/9139"}],"wp:featuredmedia":[{"embeddable":true,"href":"https:\/\/avruparicik.com\/index.php?rest_route=\/wp\/v2\/media\/9097"}],"wp:attachment":[{"href":"https:\/\/avruparicik.com\/index.php?rest_route=%2Fwp%2Fv2%2Fmedia&parent=9091"}],"wp:term":[{"taxonomy":"category","embeddable":true,"href":"https:\/\/avruparicik.com\/index.php?rest_route=%2Fwp%2Fv2%2Fcategories&post=9091"},{"taxonomy":"post_tag","embeddable":true,"href":"https:\/\/avruparicik.com\/index.php?rest_route=%2Fwp%2Fv2%2Ftags&post=9091"}],"curies":[{"name":"wp","href":"https:\/\/api.w.org\/{rel}","templated":true}]}}