{"id":9161,"date":"2026-02-14T15:29:51","date_gmt":"2026-02-14T12:29:51","guid":{"rendered":"https:\/\/avruparicik.com\/?p=9161"},"modified":"2026-02-15T14:27:16","modified_gmt":"2026-02-15T11:27:16","slug":"avrupa-dersim-ricikliler-dernegi-bassagligi-mesaji","status":"publish","type":"post","link":"https:\/\/avruparicik.com\/?p=9161","title":{"rendered":"Yard\u0131mla\u015fma ve fedak\u00e2rl\u0131kla ya\u015fanan bir \u00f6m\u00fcr: \u00c7i\u00e7ek Tekin"},"content":{"rendered":"<p>&nbsp;<\/p>\n<p><img loading=\"lazy\" decoding=\"async\" class=\" wp-image-9162 alignleft\" src=\"https:\/\/avruparicik.com\/wp-content\/uploads\/2026\/02\/cicek-tekin-258x300.jpeg\" alt=\"\" width=\"193\" height=\"225\" srcset=\"https:\/\/avruparicik.com\/wp-content\/uploads\/2026\/02\/cicek-tekin-258x300.jpeg 258w, https:\/\/avruparicik.com\/wp-content\/uploads\/2026\/02\/cicek-tekin-882x1024.jpeg 882w, https:\/\/avruparicik.com\/wp-content\/uploads\/2026\/02\/cicek-tekin-768x892.jpeg 768w, https:\/\/avruparicik.com\/wp-content\/uploads\/2026\/02\/cicek-tekin.jpeg 979w\" sizes=\"auto, (max-width: 193px) 100vw, 193px\" \/>\u00c7i\u00e7ek Tekin, 1949 y\u0131l\u0131nda Mazgirt\u2019in Kardere k\u00f6y\u00fcnde, H\u00fcseyin ve Besi Sava\u015f\u2019\u0131n ilk \u00e7ocu\u011fu olarak d\u00fcnyaya geldi. \u0130lk \u00e7ocuk olman\u0131n sorumlulu\u011funu hayat\u0131n\u0131n sonuna kadar \u00fczerinde ta\u015f\u0131d\u0131. Gen\u00e7 ya\u015fta annesini kaybetti. Bu kay\u0131p, onun hayat\u0131nda derin bir iz b\u0131rakt\u0131 ve karakterinin \u015fekillenmesinde \u00f6nemli bir rol oynad\u0131. Sevgi dolu, fedak\u00e2r ve sorumluluk sahibi y\u00f6nleri bu y\u0131llarda belirginle\u015fmeye ba\u015flad\u0131. Karde\u015flerine annelik yapt\u0131; hep onlar\u0131 d\u00fc\u015f\u00fcnd\u00fc, onlar\u0131n gelece\u011fi i\u00e7in ya\u015fad\u0131.<\/p>\n<p>\u00c7ok gen\u00e7 ya\u015fta Seyit Tursun Tekin ile evlendi ve bu evlilikten be\u015f \u00e7ocu\u011fu d\u00fcnyaya geldi. Tekin ailesi, 1976 y\u0131l\u0131nda Almanya\u2019n\u0131n Siegen kentine geldi\u011finde \u00c7i\u00e7ek Tekin hen\u00fcz 27 ya\u015f\u0131ndayd\u0131. Dilini ve k\u00fclt\u00fcr\u00fcn\u00fc bilmedi\u011fi bir \u00fclkede \u00e7ocuklar\u0131n\u0131 ve ye\u011fenlerini b\u00fcy\u00fctmek i\u00e7in g\u00f6sterdi\u011fi \u00e7aba, onun fedak\u00e2r karakterinin en g\u00fc\u00e7l\u00fc g\u00f6stergelerinden biriydi.<\/p>\n<p>\u00c7i\u00e7ek Tekin yaln\u0131zca ailesine de\u011fil, k\u00f6yl\u00fclerine ve hem\u015ferilerine de b\u00fcy\u00fck bir ba\u011fl\u0131l\u0131k g\u00f6sterdi. Almanya\u2019ya yeni gelen, bar\u0131nma imk\u00e2n\u0131 olmayan bir\u00e7ok ki\u015fi onun evinde kald\u0131. Kap\u0131s\u0131 her zaman a\u00e7\u0131kt\u0131. Hi\u00e7bir beklenti olmadan, bir\u00e7ok insana destek oldu. Bu y\u00f6n\u00fcyle onun evi, gurbette zorlanan pek \u00e7ok insan i\u00e7in bir g\u00fcven kap\u0131s\u0131yd\u0131. \u00d6yle ki yak\u0131nlar\u0131n\u0131n Almanya&#8217;da kalmas\u0131n\u0131 sa\u011flamak i\u00e7in \u00e7ok b\u00fcy\u00fck riskler ald\u0131, bu nedenle baz\u0131 hukuki sorunlarda ya\u015fad\u0131. Ancak bu durum da \u00c7i\u00e7ek teyzenin cesur ve kararl\u0131 davran\u0131\u015flar\u0131ndan taviz verdiremedi.<\/p>\n<p><strong>Sadece \u00e7ocuklar\u0131n\u0131n de\u011fil, herkesin annesi oldu<\/strong><\/p>\n<p>Hayatta kendisi i\u00e7in \u00e7ok fazla \u015fey istemeyen biriydi. Kendisi i\u00e7in bir \u015feyler yapmaktan \u00e7ok, ba\u015fkalar\u0131n\u0131n hayat\u0131n\u0131 kolayla\u015ft\u0131rmay\u0131 \u00f6nemserdi. Almanya\u2019da onu tan\u0131yanlar\u0131n ortakla\u015ft\u0131\u011f\u0131 \u00f6zellikleri aras\u0131nda fedak\u00e2rl\u0131\u011f\u0131, yard\u0131mseverli\u011fi ve ne\u015fesi her zaman ilk s\u0131ralarda yer ald\u0131.<\/p>\n<p>Sadece Almanya\u2019daki insanlara de\u011fil, T\u00fcrkiye\u2019deki akrabalar\u0131na da elinden geldi\u011fince yard\u0131m etti. Avrupa\u2019dan T\u00fcrkiye\u2019ye uzanan bir deste\u011fi vard\u0131; kim ihtiya\u00e7 duyarsa onun yan\u0131nda olurdu. Onu tan\u0131yanlar i\u00e7in \u00c7i\u00e7ek Tekin \u00e7o\u011fu zaman yaln\u0131zca bir akraba ya da bir kom\u015fu de\u011fil; g\u00fcven veren, toparlayan ve yol g\u00f6steren bir b\u00fcy\u00fckt\u00fc. \u00c7i\u00e7ek teyzenin en \u00f6nemli \u00f6zelliklerinden biri de bir \u00e7ok ki\u015fiye \u00f6rnek olacak bir karaktere sahip olmas\u0131yd\u0131. Almanya&#8217;ya geldi\u011finden k\u0131sa bir s\u00fcre sonra bir i\u015fte \u00e7al\u0131\u015fmaya ba\u015flad\u0131. O ku\u015fa\u011f\u0131n kad\u0131nlar\u0131 i\u00e7in \u00f6nc\u00fc say\u0131labilecek bu davran\u0131\u015f\u0131 etraf\u0131ndaki T\u00fcrkiyeli ve di\u011fer milletlerden kad\u0131nlar i\u00e7in cesaret verici bir \u00f6rnek olu\u015fturdu.<\/p>\n<p>Avrupa Dersim Ri\u00e7ikliler Derne\u011fi\u2019nin ilk \u00fcyeleri aras\u0131nda yer ald\u0131. Derne\u011fin misyonunu teredd\u00fcts\u00fcz benimsedi. Hi\u00e7bir zaman \u015fik\u00e2yet etmedi; aksine her zaman destek oldu ve yard\u0131mla\u015fma ile dayan\u0131\u015fman\u0131n \u00f6nemini hat\u0131rlatt\u0131.<\/p>\n<p><strong>Pozitif enerjisiyle y\u00fcz\u00fc hep ayd\u0131nl\u0131\u011fa d\u00f6n\u00fckt\u00fc<\/strong><\/p>\n<p>\u00c7i\u00e7ek Tekin g\u00fcler y\u00fczl\u00fcyd\u00fc. Esprileriyle \u00e7evresindeki insanlara pozitif enerji vermeyi severdi. Okula gitmemesine ra\u011fmen b\u00fcy\u00fck bir azimle kendi kendine okumay\u0131 \u00f6\u011frendi. Bu \u00f6zelli\u011fi, dilini ve k\u00fclt\u00fcr\u00fcn\u00fc bilmedi\u011fi bir \u00fclkede ya\u015fam kurmaya \u00e7al\u0131\u015f\u0131rken ona g\u00fc\u00e7 verdi.<\/p>\n<p>Y\u00fcz\u00fc ilime ve ayd\u0131nl\u0131\u011fa d\u00f6n\u00fckt\u00fc. Hep yeni \u015feyler \u00f6\u011frenmek i\u00e7in \u00e7abalad\u0131. Ya\u015fama s\u0131k\u0131 s\u0131k\u0131ya ba\u011fl\u0131l\u0131\u011f\u0131 ve bitmeyen ya\u015fam enerjisi, \u00e7ocuklar\u0131na b\u0131rakt\u0131\u011f\u0131 en b\u00fcy\u00fck miraslardan biri oldu.<\/p>\n<p><strong>Evlad\u0131 ve e\u015finin ac\u0131s\u0131n\u0131 birlikte ya\u015fad\u0131<\/strong><\/p>\n<p>Yurt d\u0131\u015f\u0131nda ya\u015faman\u0131n en b\u00fcy\u00fck zorluklar\u0131ndan biri \u00fclkeye duyulan hasrettir. Bu duyguyla birlikte gurbette ya\u015fanan ac\u0131lar, insan\u0131n \u00f6mr\u00fcnden hep biraz daha fazla \u015fey g\u00f6t\u00fcr\u00fcr.<\/p>\n<p>\u00c7i\u00e7ek teyzenin erken ya\u015flarda kaybetti\u011fi annesinin ac\u0131s\u0131na, 2016 y\u0131l\u0131nda gen\u00e7 ya\u015fta evlad\u0131 Nail Tekin\u2019i yitirmesi eklendi. Hen\u00fcz bu ac\u0131y\u0131 bast\u0131rmaya \u00e7al\u0131\u015f\u0131rken ard\u0131ndan e\u015fini kaybetmesi onu derinden sarst\u0131. Buna ra\u011fmen ya\u015fama olan ba\u011fl\u0131l\u0131\u011f\u0131 hep galip geldi. Ta ki ya\u015fad\u0131\u011f\u0131 amans\u0131z hastal\u0131k onu 13 \u015eubat g\u00fcn\u00fc aram\u0131zdan alana kadar\u2026<\/p>\n<p><strong>Bir \u00f6m\u00fcrl\u00fck emek, bir \u00f6m\u00fcrl\u00fck iz<\/strong><\/p>\n<p>K\u00f6klerimizle olan ba\u011f\u0131m\u0131z, kaybetti\u011fimiz her bir b\u00fcy\u00fc\u011f\u00fcm\u00fczle biraz daha derinle\u015fiyor. Onlar\u0131n an\u0131lar\u0131n\u0131 ya\u015fatman\u0131n, yaratt\u0131klar\u0131 de\u011ferlere sahip \u00e7\u0131kmaktan ge\u00e7ti\u011fini bilerek, Avrupa Dersim Ri\u00e7ikliler Derne\u011fi olarak Tekin ailesine ve t\u00fcm k\u00f6yl\u00fclerimize ba\u015fsa\u011fl\u0131\u011f\u0131 diliyoruz.<\/p>\n<p><strong>Ser\u00ea malbata Tek\u00een \u00fb hem\u00fb Ri\u00e7ik\u00eeyan sax be..<\/strong><\/p>\n<p><strong>\u00c7i\u00e7ek teyzemizin devri daim olsun.<\/strong><\/p>\n","protected":false},"excerpt":{"rendered":"<p>&nbsp; \u00c7i\u00e7ek Tekin, 1949 y\u0131l\u0131nda Mazgirt\u2019in Kardere k\u00f6y\u00fcnde, H\u00fcseyin ve Besi Sava\u015f\u2019\u0131n ilk \u00e7ocu\u011fu olarak d\u00fcnyaya geldi. \u0130lk \u00e7ocuk olman\u0131n sorumlulu\u011funu hayat\u0131n\u0131n sonuna kadar \u00fczerinde ta\u015f\u0131d\u0131. Gen\u00e7 ya\u015fta annesini kaybetti. Bu kay\u0131p, onun hayat\u0131nda derin bir iz b\u0131rakt\u0131 ve karakterinin \u015fekillenmesinde \u00f6nemli bir rol oynad\u0131. Sevgi dolu, fedak\u00e2r ve sorumluluk sahibi y\u00f6nleri bu y\u0131llarda belirginle\u015fmeye &hellip;<\/p>\n","protected":false},"author":6,"featured_media":9162,"comment_status":"open","ping_status":"open","sticky":false,"template":"","format":"standard","meta":{"footnotes":""},"categories":[113,32,33],"tags":[],"class_list":["post-9161","post","type-post","status-publish","format-standard","has-post-thumbnail","hentry","category-guncel","category-ricik-haberler","category-vefat-ve-taziyeler"],"_links":{"self":[{"href":"https:\/\/avruparicik.com\/index.php?rest_route=\/wp\/v2\/posts\/9161","targetHints":{"allow":["GET"]}}],"collection":[{"href":"https:\/\/avruparicik.com\/index.php?rest_route=\/wp\/v2\/posts"}],"about":[{"href":"https:\/\/avruparicik.com\/index.php?rest_route=\/wp\/v2\/types\/post"}],"author":[{"embeddable":true,"href":"https:\/\/avruparicik.com\/index.php?rest_route=\/wp\/v2\/users\/6"}],"replies":[{"embeddable":true,"href":"https:\/\/avruparicik.com\/index.php?rest_route=%2Fwp%2Fv2%2Fcomments&post=9161"}],"version-history":[{"count":7,"href":"https:\/\/avruparicik.com\/index.php?rest_route=\/wp\/v2\/posts\/9161\/revisions"}],"predecessor-version":[{"id":9170,"href":"https:\/\/avruparicik.com\/index.php?rest_route=\/wp\/v2\/posts\/9161\/revisions\/9170"}],"wp:featuredmedia":[{"embeddable":true,"href":"https:\/\/avruparicik.com\/index.php?rest_route=\/wp\/v2\/media\/9162"}],"wp:attachment":[{"href":"https:\/\/avruparicik.com\/index.php?rest_route=%2Fwp%2Fv2%2Fmedia&parent=9161"}],"wp:term":[{"taxonomy":"category","embeddable":true,"href":"https:\/\/avruparicik.com\/index.php?rest_route=%2Fwp%2Fv2%2Fcategories&post=9161"},{"taxonomy":"post_tag","embeddable":true,"href":"https:\/\/avruparicik.com\/index.php?rest_route=%2Fwp%2Fv2%2Ftags&post=9161"}],"curies":[{"name":"wp","href":"https:\/\/api.w.org\/{rel}","templated":true}]}}