{"id":9173,"date":"2026-03-08T23:52:59","date_gmt":"2026-03-08T20:52:59","guid":{"rendered":"https:\/\/avruparicik.com\/?p=9173"},"modified":"2026-03-08T23:55:53","modified_gmt":"2026-03-08T20:55:53","slug":"8-mart-dunya-kadinlar-gunu-anma-yazisi","status":"publish","type":"post","link":"https:\/\/avruparicik.com\/?p=9173","title":{"rendered":"8 Mart D\u00fcnya Kad\u0131nlar G\u00fcn\u00fc Anma Yaz\u0131s\u0131"},"content":{"rendered":"<p>## <strong>8 Mart D\u00fcnya Kad\u0131nlar G\u00fcn\u00fc Anma Yaz\u0131s\u0131<\/strong><\/p>\n<p>8 Mart, yaln\u0131zca bir kutlama g\u00fcn\u00fc de\u011fil; bir y\u00fczle\u015fme, bir hat\u0131rlama ve bir m\u00fccadele g\u00fcn\u00fcd\u00fcr. D\u00fcnya Kad\u0131nlar G\u00fcn\u00fc, kad\u0131nlar\u0131n y\u00fczy\u0131llard\u0131r s\u00fcren e\u015fitlik, adalet ve ya\u015fam hakk\u0131 m\u00fccadelesinin sembol\u00fcd\u00fcr. Ancak bug\u00fcn, aradan ge\u00e7en onca zamana ra\u011fmen, kad\u0131n\u0131n yazg\u0131s\u0131n\u0131n ne kadar\u0131n\u0131n de\u011fi\u015fti\u011fini sormak zorunday\u0131z.<\/p>\n<p>Tarih boyunca kad\u0131n; evde, tarlada, fabrikada, sava\u015fta ve bar\u0131\u015fta g\u00f6r\u00fcnmeyen eme\u011fin ta\u015f\u0131y\u0131c\u0131s\u0131 oldu. K\u00f6ylerde, k\u0131rsal kesimlerde a\u011f\u0131r y\u00fcklerin alt\u0131nda ezildi; kentlerde, modern ya\u015fam\u0131n par\u0131lt\u0131l\u0131 vitrinleri ard\u0131nda ba\u015fka t\u00fcrden bask\u0131larla ku\u015fat\u0131ld\u0131. E\u011fitimli ya da e\u011fitimsiz, \u00e7al\u0131\u015fan ya da ev emek\u00e7isi fark etmeksizin, kad\u0131n \u00e7o\u011fu zaman ikinci planda b\u0131rak\u0131ld\u0131. \u201cModern\u201d olarak tan\u0131mlanan toplumlarda dahi cam tavanlara \u00e7arpan, eme\u011fi daha az de\u011fer g\u00f6ren, s\u00f6z\u00fc daha az dinlenen yine kad\u0131n oldu.<\/p>\n<p><img loading=\"lazy\" decoding=\"async\" class=\" wp-image-9174 alignleft\" src=\"https:\/\/avruparicik.com\/wp-content\/uploads\/2026\/03\/8-MART-KADINLAR-GUNU-300x246.jpeg\" alt=\"\" width=\"329\" height=\"270\" srcset=\"https:\/\/avruparicik.com\/wp-content\/uploads\/2026\/03\/8-MART-KADINLAR-GUNU-300x246.jpeg 300w, https:\/\/avruparicik.com\/wp-content\/uploads\/2026\/03\/8-MART-KADINLAR-GUNU-1024x841.jpeg 1024w, https:\/\/avruparicik.com\/wp-content\/uploads\/2026\/03\/8-MART-KADINLAR-GUNU-768x631.jpeg 768w, https:\/\/avruparicik.com\/wp-content\/uploads\/2026\/03\/8-MART-KADINLAR-GUNU.jpeg 1179w\" sizes=\"auto, (max-width: 329px) 100vw, 329px\" \/><\/p>\n<p>Bu tablo yaln\u0131zca geli\u015fmemi\u015f \u00fclkelere \u00f6zg\u00fc de\u011fildir. D\u00fcnyan\u0131n en geli\u015fmi\u015f olarak kabul edilen \u00fclkelerinde bile kad\u0131nlar e\u015fit i\u015fe e\u015fit \u00fccret m\u00fccadelesi vermekte, \u015fiddet ve tacizle kar\u015f\u0131 kar\u015f\u0131ya kalmakta, karar mekanizmalar\u0131nda yeterince temsil edilmemektedir. Kad\u0131n, co\u011frafyadan ba\u011f\u0131ms\u0131z bi\u00e7imde, h\u00e2l\u00e2 ataerkil sistemlerin g\u00f6lgesinde ya\u015famaya zorlanmaktad\u0131r.<\/p>\n<p>\u00dclkemizde ise durum daha da yak\u0131c\u0131d\u0131r. Her ge\u00e7en g\u00fcn artan kad\u0131n cinayetleri, \u015f\u00fcpheli \u00f6l\u00fcmler ve cezas\u0131zl\u0131k politikalar\u0131, kad\u0131nlar\u0131n ya\u015fam hakk\u0131n\u0131n ne denli k\u0131r\u0131lgan oldu\u011funu g\u00f6zler \u00f6n\u00fcne sermektedir. Kad\u0131nlar en \u00e7ok en yak\u0131nlar\u0131ndaki erkekler taraf\u0131ndan \u00f6ld\u00fcr\u00fclm<\/p>\n<p>ekte; \u00e7o\u011fu zaman koruma kararlar\u0131 yetersiz kalmakta, failler iyi hal indirimleriyle \u00f6d\u00fcllendirilmektedir. Sistem, kad\u0131n\u0131 korumakta yetersiz kald\u0131\u011f\u0131 gibi, kimi zaman uygulamalar\u0131yla bu d\u00fczeni dolayl\u0131 olarak beslemektedir.<\/p>\n<p>Oysa 8 Mart\u2019\u0131n tarihsel k\u00f6keni, kad\u0131n eme\u011finin s\u00f6m\u00fcr\u00fcs\u00fcne ve insanl\u0131k d\u0131\u015f\u0131 \u00e7al\u0131\u015fma ko\u015fullar\u0131na kar\u015f\u0131 y\u00fckselen bir isyana dayan\u0131r. Triangle Shirtwaist Fabrikas\u0131 Yang\u0131n\u0131, kad\u0131n i\u015f\u00e7ilerin maruz b\u0131rak\u0131ld\u0131\u011f\u0131 ihmali ve e\u015fitsizli\u011fi t\u00fcm d\u00fcnyaya g\u00f6stermi\u015f; kad\u0131n haklar\u0131 m\u00fccadelesinin simge olaylar\u0131ndan biri olmu\u015ftur. Aradan bir as\u0131rdan fazla zaman ge\u00e7mesine ra\u011fmen, kad\u0131nlar\u0131n g\u00fcvenli \u00e7al\u0131\u015fma ko\u015fullar\u0131, e\u015fit \u00fccret ve ya\u015fam hakk\u0131 talepleri h\u00e2l\u00e2 g\u00fcncelli\u011fini korumaktad\u0131r.<\/p>\n<p>Kad\u0131n\u0131n yazg\u0131s\u0131 de\u011fi\u015fmez de\u011fildir; de\u011fi\u015ftirilmeyen bir d\u00fczendir. Bu d\u00fczen, yaln\u0131zca k\u0131rsalda de\u011fil; \u00fcniversite kamp\u00fcslerinde, \u015firket y\u00f6netim kurullar\u0131nda, parlamentolarda, evlerin i\u00e7inde ve sokaklarda yeniden \u00fcretilmektedir. Kad\u0131n\u0131n bedenine, eme\u011fine ve hayat\u0131na dair kararlar\u0131n ba\u015fkalar\u0131 taraf\u0131ndan verildi\u011fi her an, e\u015fitsizlik s\u00fcrmektedir.<\/p>\n<p>8 Mart, \u00e7i\u00e7eklerle ge\u00e7i\u015ftirilecek bir g\u00fcn de\u011fil; bir bilin\u00e7 ve dayan\u0131\u015fma g\u00fcn\u00fcd\u00fcr. Kad\u0131nlar\u0131n \u00f6ld\u00fcr\u00fclmedi\u011fi, \u015fiddete u\u011framad\u0131\u011f\u0131, eme\u011finin s\u00f6m\u00fcr\u00fclmedi\u011fi, e\u015fit ve \u00f6zg\u00fcr bireyler olarak var olabildi\u011fi bir d\u00fcnya i\u00e7in m\u00fccadeleyi b\u00fcy\u00fctme g\u00fcn\u00fcd\u00fcr.<\/p>\n<p>Bug\u00fcn, ya\u015famdan kopar\u0131lan t\u00fcm kad\u0131nlar\u0131 sayg\u0131yla an\u0131yor; e\u015fitlik, adalet ve \u00f6zg\u00fcrl\u00fck talebini bir kez daha y\u00fcksek sesle dile getiriyoruz. \u00c7\u00fcnk\u00fc ger\u00e7ek bir toplumsal ilerleme, kad\u0131nlar\u0131n ikinci s\u0131n\u0131f stat\u00fcs\u00fcnden kurtulmas\u0131yla m\u00fcmk\u00fcnd\u00fcr. Ve bu ger\u00e7ekle\u015fene kadar 8 Mart, bir kutlamadan \u00e7ok bir direni\u015f g\u00fcn\u00fc olmaya devam edecektir<\/p>\n<p>Y\u0131ld\u0131z K\u00f6se<\/p>\n","protected":false},"excerpt":{"rendered":"<p>## 8 Mart D\u00fcnya Kad\u0131nlar G\u00fcn\u00fc Anma Yaz\u0131s\u0131 8 Mart, yaln\u0131zca bir kutlama g\u00fcn\u00fc de\u011fil; bir y\u00fczle\u015fme, bir hat\u0131rlama ve bir m\u00fccadele g\u00fcn\u00fcd\u00fcr. D\u00fcnya Kad\u0131nlar G\u00fcn\u00fc, kad\u0131nlar\u0131n y\u00fczy\u0131llard\u0131r s\u00fcren e\u015fitlik, adalet ve ya\u015fam hakk\u0131 m\u00fccadelesinin sembol\u00fcd\u00fcr. Ancak bug\u00fcn, aradan ge\u00e7en onca zamana ra\u011fmen, kad\u0131n\u0131n yazg\u0131s\u0131n\u0131n ne kadar\u0131n\u0131n de\u011fi\u015fti\u011fini sormak zorunday\u0131z. Tarih boyunca kad\u0131n; evde, tarlada, &hellip;<\/p>\n","protected":false},"author":6,"featured_media":9174,"comment_status":"open","ping_status":"open","sticky":false,"template":"","format":"standard","meta":{"footnotes":""},"categories":[110],"tags":[],"class_list":["post-9173","post","type-post","status-publish","format-standard","has-post-thumbnail","hentry","category-arsiv"],"_links":{"self":[{"href":"https:\/\/avruparicik.com\/index.php?rest_route=\/wp\/v2\/posts\/9173","targetHints":{"allow":["GET"]}}],"collection":[{"href":"https:\/\/avruparicik.com\/index.php?rest_route=\/wp\/v2\/posts"}],"about":[{"href":"https:\/\/avruparicik.com\/index.php?rest_route=\/wp\/v2\/types\/post"}],"author":[{"embeddable":true,"href":"https:\/\/avruparicik.com\/index.php?rest_route=\/wp\/v2\/users\/6"}],"replies":[{"embeddable":true,"href":"https:\/\/avruparicik.com\/index.php?rest_route=%2Fwp%2Fv2%2Fcomments&post=9173"}],"version-history":[{"count":3,"href":"https:\/\/avruparicik.com\/index.php?rest_route=\/wp\/v2\/posts\/9173\/revisions"}],"predecessor-version":[{"id":9177,"href":"https:\/\/avruparicik.com\/index.php?rest_route=\/wp\/v2\/posts\/9173\/revisions\/9177"}],"wp:featuredmedia":[{"embeddable":true,"href":"https:\/\/avruparicik.com\/index.php?rest_route=\/wp\/v2\/media\/9174"}],"wp:attachment":[{"href":"https:\/\/avruparicik.com\/index.php?rest_route=%2Fwp%2Fv2%2Fmedia&parent=9173"}],"wp:term":[{"taxonomy":"category","embeddable":true,"href":"https:\/\/avruparicik.com\/index.php?rest_route=%2Fwp%2Fv2%2Fcategories&post=9173"},{"taxonomy":"post_tag","embeddable":true,"href":"https:\/\/avruparicik.com\/index.php?rest_route=%2Fwp%2Fv2%2Ftags&post=9173"}],"curies":[{"name":"wp","href":"https:\/\/api.w.org\/{rel}","templated":true}]}}